{"id":90956,"date":"2018-02-01T17:39:08","date_gmt":"2018-02-01T19:39:08","guid":{"rendered":"http:\/\/diarioregionaljf.com.br\/2018\/02\/01\/comissao-europeia-diz-que-negociacao-com-mercosul-esta-em-posicao-dificil\/"},"modified":"2018-02-01T17:39:08","modified_gmt":"2018-02-01T19:39:08","slug":"comissao-europeia-diz-que-negociacao-com-mercosul-esta-em-posicao-dificil","status":"publish","type":"post","link":"https:\/\/diarioregionaldigital.com.br\/?p=90956","title":{"rendered":"Comiss\u00e3o Europeia diz que negocia\u00e7\u00e3o com Mercosul &#8220;est\u00e1 em posi\u00e7\u00e3o dif\u00edcil&#8221;"},"content":{"rendered":"<p>A Comiss\u00e3o Europeia afirmou nessa quarta-feira, 31, que a negocia\u00e7\u00e3o visando a assinatura do acordo de livre-com\u00e9rcio entre a Uni\u00e3o Europeia (UE) e o Mercosul (bloco formado pelo (Brasil, Argentina, Paraguai e Uruguai) est\u00e1 em uma &#8220;posi\u00e7\u00e3o dif\u00edcil&#8221;, mas que confia que, com a &#8220;vontade pol\u00edtica&#8221; atual, se chegar\u00e1 a um pacto. A informa\u00e7\u00e3o \u00e9 da EFE.<\/p>\n<p>&#8220;Ao final, s\u00f3 restaram os temas mais dif\u00edceis. Os assuntos f\u00e1ceis j\u00e1 est\u00e3o resolvidos&#8221;, disse na ter\u00e7a-feira, 30, o vice-presidente da Comiss\u00e3o Europeia, Jyrki Katainen, em uma coletiva de imprensa, depois que os ministros de Rela\u00e7\u00f5es Exteriores do Mercosul e os comiss\u00e1rios europeus de Com\u00e9rcio e Agricultura se reuniram em Bruxelas.<\/p>\n<p>Katainen declarou que a UE deve &#8220;calibrar o quanto pode oferecer e onde est\u00e3o as linhas vermelhas&#8221;, mas disse estar confiante que &#8220;se a vontade pol\u00edtica for t\u00e3o forte como \u00e9 neste momento&#8221;, o acordo poder\u00e1 ser fechado. &#8220;Temos muito o que conseguir ao lado do Mercosul e eles precisam de um melhor acesso ao nosso mercado. Tenho bastante confian\u00e7a neste momento, mas a negocia\u00e7\u00e3o est\u00e1 em uma posi\u00e7\u00e3o dif\u00edcil&#8221;, falou.<\/p>\n<p>O comiss\u00e1rio se recusou a pronunciar-se sobre a \u00faltima oferta colocada sobre a mesa pela Uni\u00e3o Europeia, mas indicou que na reuni\u00e3o &nbsp;&#8220;as coisas progrediram&#8221; e que agora esperam que o Mercosul responda \u00e0s suas propostas e possam finalizar as negocia\u00e7\u00f5es.<\/p>\n<h4>&nbsp;<\/h4>\n<h4>NEGOCIADOR EXPERIENTE<\/h4>\n<p>&#8220;A UE \u00e9 um negociador muito experimentado em com\u00e9rcio e entendemos que o Mercosul n\u00e3o tenha tantos acordos comerciais com outros, mas entendem que isto \u00e9 muito importante pol\u00edtica e economicamente para a regi\u00e3o&#8221;, destacou Katainen.<\/p>\n<p>A reuni\u00e3o de ter\u00e7a se desenvolveu sobre a base dos \u00faltimos cap\u00edtulos estipulados entre os dois blocos na \u00faltima rodada de negocia\u00e7\u00e3o realizada em dezembro, em Buenos Aires, e ser\u00e1 sucedida por um encontro dos negociadores de ambas partes em Bruxelas, nesta sexta-feira, 2, para continuar avan\u00e7ando.<\/p>\n<p>A UE e o Mercosul negociam desde 1999 um amplo acordo de associa\u00e7\u00e3o que inclui um tratado comercial, mas as conversas estiveram bloqueadas completamente entre 2004 e 2010, e s\u00f3 foram retomadas em 2016.<\/p>\n<p>Fonte: Ag\u00eancia Brasil<\/p>\n","protected":false},"excerpt":{"rendered":"<p>A Comiss\u00e3o Europeia afirmou nessa quarta-feira, 31, que a negocia\u00e7\u00e3o visando a assinatura do acordo de livre-com\u00e9rcio entre a Uni\u00e3o Europeia (UE) e o Mercosul (bloco formado pelo (Brasil, Argentina, Paraguai e Uruguai) est\u00e1 em uma &#8220;posi\u00e7\u00e3o dif\u00edcil&#8221;, mas que confia que, com a &#8220;vontade pol\u00edtica&#8221; atual, se chegar\u00e1 a um pacto. A informa\u00e7\u00e3o \u00e9 [&hellip;]<\/p>\n","protected":false},"author":96,"featured_media":90955,"comment_status":"closed","ping_status":"closed","sticky":false,"template":"","format":"standard","meta":{"footnotes":""},"categories":[302],"tags":[],"class_list":["post-90956","post","type-post","status-publish","format-standard","has-post-thumbnail","hentry","category-brasil-mundo"],"_links":{"self":[{"href":"https:\/\/diarioregionaldigital.com.br\/index.php?rest_route=\/wp\/v2\/posts\/90956","targetHints":{"allow":["GET"]}}],"collection":[{"href":"https:\/\/diarioregionaldigital.com.br\/index.php?rest_route=\/wp\/v2\/posts"}],"about":[{"href":"https:\/\/diarioregionaldigital.com.br\/index.php?rest_route=\/wp\/v2\/types\/post"}],"author":[{"embeddable":true,"href":"https:\/\/diarioregionaldigital.com.br\/index.php?rest_route=\/wp\/v2\/users\/96"}],"replies":[{"embeddable":true,"href":"https:\/\/diarioregionaldigital.com.br\/index.php?rest_route=%2Fwp%2Fv2%2Fcomments&post=90956"}],"version-history":[{"count":0,"href":"https:\/\/diarioregionaldigital.com.br\/index.php?rest_route=\/wp\/v2\/posts\/90956\/revisions"}],"wp:featuredmedia":[{"embeddable":true,"href":"https:\/\/diarioregionaldigital.com.br\/index.php?rest_route=\/wp\/v2\/media\/90955"}],"wp:attachment":[{"href":"https:\/\/diarioregionaldigital.com.br\/index.php?rest_route=%2Fwp%2Fv2%2Fmedia&parent=90956"}],"wp:term":[{"taxonomy":"category","embeddable":true,"href":"https:\/\/diarioregionaldigital.com.br\/index.php?rest_route=%2Fwp%2Fv2%2Fcategories&post=90956"},{"taxonomy":"post_tag","embeddable":true,"href":"https:\/\/diarioregionaldigital.com.br\/index.php?rest_route=%2Fwp%2Fv2%2Ftags&post=90956"}],"curies":[{"name":"wp","href":"https:\/\/api.w.org\/{rel}","templated":true}]}}