{"id":90952,"date":"2018-02-01T17:23:27","date_gmt":"2018-02-01T19:23:27","guid":{"rendered":"http:\/\/diarioregionaljf.com.br\/2018\/02\/01\/riqueza-global-aumenta-66-em-20-anos-diz-banco-mundial\/"},"modified":"2018-02-01T17:23:27","modified_gmt":"2018-02-01T19:23:27","slug":"riqueza-global-aumenta-66-em-20-anos-diz-banco-mundial","status":"publish","type":"post","link":"https:\/\/diarioregionaldigital.com.br\/?p=90952","title":{"rendered":"Riqueza global aumenta 66% em 20 anos, diz Banco Mundial"},"content":{"rendered":"<p>Relat\u00f3rio lan\u00e7ado pelo Banco Mundial esta semana em Washington mostra que a riqueza global aumentou 66% entre 1995 e 2014. Segundo o estudo Mudan\u00e7a na Riqueza das Na\u00e7\u00f5es, a cifra passou de US$690 trilh\u00f5es para mais de um quatrilh\u00e3o de d\u00f3lares. A informa\u00e7\u00e3o \u00e9 da ONU News.<\/p>\n<p>Depois de analisar o desempenho de 141 pa\u00edses, o documento concluiu ainda que a riqueza global per capita caiu nesse per\u00edodo. A queda foi puxada pela \u00c1frica Subsaariana, onde a popula\u00e7\u00e3o cresceu mais do que o investimento.<\/p>\n<p>O objetivo da pesquisa n\u00e3o foi classificar os pa\u00edses de acordo com a riqueza, mas descrever tend\u00eancias gerais. Entre 1995 e 2014, por exemplo, nos 20 pa\u00edses em que a riqueza per capita cresceu mais rapidamente, a maior parte dos beneficiados est\u00e1 em na\u00e7\u00f5es em desenvolvimento, como China e \u00cdndia, por exemplo.<\/p>\n<p>J\u00e1 na Am\u00e9rica Latina e Caribe, destacaram-se o Chile e o Peru, pois neles a riqueza per capita mais do que dobrou nesse per\u00edodo. O Brasil tamb\u00e9m registrou crescimento, embora em menor intensidade: cerca de 20%.<\/p>\n<h4>&nbsp;<\/h4>\n<h4>FATORES CONSIDERADOS<\/h4>\n<p>O c\u00e1lculo da riqueza de cada economia e do mundo leva em conta quatro fatores. O primeiro deles \u00e9 o capital produzido, que inclui constru\u00e7\u00f5es, m\u00e1quinas e infraestrutura. Em segundo lugar, o capital natural, como terra agr\u00edcola, florestas, minerais e petr\u00f3leo. Em terceiro, o capital humano, que consiste nas habilidades e experi\u00eancia dos trabalhadores. Finalmente, vem a soma de ativos e passivos estrangeiros de um pa\u00eds.<\/p>\n<p>A medida da riqueza avaliada pelo Banco Mundial funciona como um complemento ao Produto Interno Bruto (PIB), e n\u00e3o como substitui\u00e7\u00e3o. Ela, na verdade, reflete o estado dos ativos que produzem o PIB; e se os investimentos em capital produzido, humano e natural ser\u00e3o suficientes para acompanhar o crescimento da popula\u00e7\u00e3o.<\/p>\n<p>Segundo o documento, o capital humano \u00e9 o maior componente da riqueza do mundo, somando dois ter\u00e7os do total. S\u00f3 que, nos pa\u00edses ricos, ele corresponde a uma fatia maior: 70%, contra 40% nos mais pobres. Por isso, o relat\u00f3rio aponta para a necessidade de investir em pessoas para cria\u00e7\u00e3o de riqueza e gera\u00e7\u00e3o de renda futura.<\/p>\n<p>Fonte: Ag\u00eancia Brasil<\/p>\n","protected":false},"excerpt":{"rendered":"<p>Relat\u00f3rio lan\u00e7ado pelo Banco Mundial esta semana em Washington mostra que a riqueza global aumentou 66% entre 1995 e 2014. Segundo o estudo Mudan\u00e7a na Riqueza das Na\u00e7\u00f5es, a cifra passou de US$690 trilh\u00f5es para mais de um quatrilh\u00e3o de d\u00f3lares. A informa\u00e7\u00e3o \u00e9 da ONU News. Depois de analisar o desempenho de 141 pa\u00edses, [&hellip;]<\/p>\n","protected":false},"author":96,"featured_media":90951,"comment_status":"closed","ping_status":"closed","sticky":false,"template":"","format":"standard","meta":{"footnotes":""},"categories":[302],"tags":[],"class_list":["post-90952","post","type-post","status-publish","format-standard","has-post-thumbnail","hentry","category-brasil-mundo"],"_links":{"self":[{"href":"https:\/\/diarioregionaldigital.com.br\/index.php?rest_route=\/wp\/v2\/posts\/90952","targetHints":{"allow":["GET"]}}],"collection":[{"href":"https:\/\/diarioregionaldigital.com.br\/index.php?rest_route=\/wp\/v2\/posts"}],"about":[{"href":"https:\/\/diarioregionaldigital.com.br\/index.php?rest_route=\/wp\/v2\/types\/post"}],"author":[{"embeddable":true,"href":"https:\/\/diarioregionaldigital.com.br\/index.php?rest_route=\/wp\/v2\/users\/96"}],"replies":[{"embeddable":true,"href":"https:\/\/diarioregionaldigital.com.br\/index.php?rest_route=%2Fwp%2Fv2%2Fcomments&post=90952"}],"version-history":[{"count":0,"href":"https:\/\/diarioregionaldigital.com.br\/index.php?rest_route=\/wp\/v2\/posts\/90952\/revisions"}],"wp:featuredmedia":[{"embeddable":true,"href":"https:\/\/diarioregionaldigital.com.br\/index.php?rest_route=\/wp\/v2\/media\/90951"}],"wp:attachment":[{"href":"https:\/\/diarioregionaldigital.com.br\/index.php?rest_route=%2Fwp%2Fv2%2Fmedia&parent=90952"}],"wp:term":[{"taxonomy":"category","embeddable":true,"href":"https:\/\/diarioregionaldigital.com.br\/index.php?rest_route=%2Fwp%2Fv2%2Fcategories&post=90952"},{"taxonomy":"post_tag","embeddable":true,"href":"https:\/\/diarioregionaldigital.com.br\/index.php?rest_route=%2Fwp%2Fv2%2Ftags&post=90952"}],"curies":[{"name":"wp","href":"https:\/\/api.w.org\/{rel}","templated":true}]}}