{"id":90950,"date":"2018-02-01T17:22:02","date_gmt":"2018-02-01T19:22:02","guid":{"rendered":"http:\/\/diarioregionaljf.com.br\/2018\/02\/01\/trecho-da-rua-oscar-vidal-e-interditado-para-obras-da-cesama\/"},"modified":"2018-02-01T17:22:02","modified_gmt":"2018-02-01T19:22:02","slug":"trecho-da-rua-oscar-vidal-e-interditado-para-obras-da-cesama","status":"publish","type":"post","link":"https:\/\/diarioregionaldigital.com.br\/?p=90950","title":{"rendered":"Trecho da Rua Oscar Vidal \u00e9 interditado para obras da Cesama"},"content":{"rendered":"<p>Funcion\u00e1rios da Companhia de Saneamento Municipal (Cesama) atuam em uma obra em um trecho da Rua Oscar Vidal, que segue com a sa\u00edda para a Rua Francisco Valle interditada.<\/p>\n<p>A a\u00e7\u00e3o iniciou por volta das 13h30 e deve ser conclu\u00edda no final da tarde de hoje. A obra foi necess\u00e1ria devido ao entupimento da rede de esgoto, que quebrou uma manilha.<\/p>\n<p>Os motoristas que precisarem acessar a Rua Francisco Valle devem procurar um caminho alternativo.<\/p>\n","protected":false},"excerpt":{"rendered":"<p>Funcion\u00e1rios da Companhia de Saneamento Municipal (Cesama) atuam em uma obra em um trecho da Rua Oscar Vidal, que segue com a sa\u00edda para a Rua Francisco Valle interditada. A a\u00e7\u00e3o iniciou por volta das 13h30 e deve ser conclu\u00edda no final da tarde de hoje. A obra foi necess\u00e1ria devido ao entupimento da rede [&hellip;]<\/p>\n","protected":false},"author":96,"featured_media":90949,"comment_status":"closed","ping_status":"closed","sticky":false,"template":"","format":"standard","meta":{"footnotes":""},"categories":[253],"tags":[],"class_list":["post-90950","post","type-post","status-publish","format-standard","has-post-thumbnail","hentry","category-cidade"],"_links":{"self":[{"href":"https:\/\/diarioregionaldigital.com.br\/index.php?rest_route=\/wp\/v2\/posts\/90950","targetHints":{"allow":["GET"]}}],"collection":[{"href":"https:\/\/diarioregionaldigital.com.br\/index.php?rest_route=\/wp\/v2\/posts"}],"about":[{"href":"https:\/\/diarioregionaldigital.com.br\/index.php?rest_route=\/wp\/v2\/types\/post"}],"author":[{"embeddable":true,"href":"https:\/\/diarioregionaldigital.com.br\/index.php?rest_route=\/wp\/v2\/users\/96"}],"replies":[{"embeddable":true,"href":"https:\/\/diarioregionaldigital.com.br\/index.php?rest_route=%2Fwp%2Fv2%2Fcomments&post=90950"}],"version-history":[{"count":0,"href":"https:\/\/diarioregionaldigital.com.br\/index.php?rest_route=\/wp\/v2\/posts\/90950\/revisions"}],"wp:featuredmedia":[{"embeddable":true,"href":"https:\/\/diarioregionaldigital.com.br\/index.php?rest_route=\/wp\/v2\/media\/90949"}],"wp:attachment":[{"href":"https:\/\/diarioregionaldigital.com.br\/index.php?rest_route=%2Fwp%2Fv2%2Fmedia&parent=90950"}],"wp:term":[{"taxonomy":"category","embeddable":true,"href":"https:\/\/diarioregionaldigital.com.br\/index.php?rest_route=%2Fwp%2Fv2%2Fcategories&post=90950"},{"taxonomy":"post_tag","embeddable":true,"href":"https:\/\/diarioregionaldigital.com.br\/index.php?rest_route=%2Fwp%2Fv2%2Ftags&post=90950"}],"curies":[{"name":"wp","href":"https:\/\/api.w.org\/{rel}","templated":true}]}}