{"id":90948,"date":"2018-02-01T17:13:36","date_gmt":"2018-02-01T19:13:36","guid":{"rendered":"http:\/\/diarioregionaljf.com.br\/2018\/02\/01\/uberlandia-bate-ituano-e-segue-na-copa-do-brasil-caldense-cai-em-casa\/"},"modified":"2018-02-01T17:13:36","modified_gmt":"2018-02-01T19:13:36","slug":"uberlandia-bate-ituano-e-segue-na-copa-do-brasil-caldense-cai-em-casa","status":"publish","type":"post","link":"https:\/\/diarioregionaldigital.com.br\/?p=90948","title":{"rendered":"Uberl\u00e2ndia bate Ituano e segue na Copa do Brasil; Caldense cai em casa"},"content":{"rendered":"<p>Noite decisiva para Uberl\u00e2ndia e Caldense nessa quarta-feira, 31. Jogando em seus dom\u00ednios, os mineiros tiveram duelos vitais pela primeira fase da Copa do Brasil. Nos confrontos, o Verd\u00e3o superou o Ituano por 2 a 0 e segue em frente na competi\u00e7\u00e3o. J\u00e1 a Veterana foi derrotada pelo Fluminense por 1 a 0 e deu adeus ao torneio.<\/p>\n<p>A Caldense foi a primeira a entrar em campo. A equipe de Po\u00e7os de Caldas recebeu o Fluminense, no Ronald\u00e3o, e tinha o dif\u00edcil compromisso de vencer a equipe da primeira divis\u00e3o brasileira. Mesmo criando boas oportunidades, o Periquito n\u00e3o foi capaz de evitar o rev\u00e9s e saiu de campo com o placar de 1 a 0 para os advers\u00e1rios. Renato Chaves, j\u00e1 aos 45 do segundo tempo, marcou o \u00fanico gol do jogo.<\/p>\n<p>Se a noite foi infeliz para a torcida da Caldense, n\u00e3o \u00e9 poss\u00edvel dizer o mesmo para os torcedores do Uberl\u00e2ndia. Diante do Ituano, o Verd\u00e3o jogou com o apoio vindo das arquibancadas do Parque do Sabi\u00e1 e bateu os paulistas por 2 a 0. Daniel Pereira e Ricardinho, aos oito e vinte minutos da etapa complementar, respectivamente, marcaram os gols que classificaram o Alviverde do Tri\u00e2ngulo Mineiro.<\/p>\n<p>O Uberl\u00e2ndia aguarda agora a defini\u00e7\u00e3o do seu advers\u00e1rio, que sair\u00e1 do confronto entre Parnahyba-PI e Coritiba.<\/p>\n<p><strong>&nbsp;<\/strong><\/p>\n<p>Fonte: FMF\/ Federa\u00e7\u00e3o Mineira de Futebol<\/p>\n","protected":false},"excerpt":{"rendered":"<p>Noite decisiva para Uberl\u00e2ndia e Caldense nessa quarta-feira, 31. Jogando em seus dom\u00ednios, os mineiros tiveram duelos vitais pela primeira fase da Copa do Brasil. Nos confrontos, o Verd\u00e3o superou o Ituano por 2 a 0 e segue em frente na competi\u00e7\u00e3o. J\u00e1 a Veterana foi derrotada pelo Fluminense por 1 a 0 e deu [&hellip;]<\/p>\n","protected":false},"author":96,"featured_media":90947,"comment_status":"closed","ping_status":"closed","sticky":false,"template":"","format":"standard","meta":{"footnotes":""},"categories":[257],"tags":[],"class_list":["post-90948","post","type-post","status-publish","format-standard","has-post-thumbnail","hentry","category-esporte"],"_links":{"self":[{"href":"https:\/\/diarioregionaldigital.com.br\/index.php?rest_route=\/wp\/v2\/posts\/90948","targetHints":{"allow":["GET"]}}],"collection":[{"href":"https:\/\/diarioregionaldigital.com.br\/index.php?rest_route=\/wp\/v2\/posts"}],"about":[{"href":"https:\/\/diarioregionaldigital.com.br\/index.php?rest_route=\/wp\/v2\/types\/post"}],"author":[{"embeddable":true,"href":"https:\/\/diarioregionaldigital.com.br\/index.php?rest_route=\/wp\/v2\/users\/96"}],"replies":[{"embeddable":true,"href":"https:\/\/diarioregionaldigital.com.br\/index.php?rest_route=%2Fwp%2Fv2%2Fcomments&post=90948"}],"version-history":[{"count":0,"href":"https:\/\/diarioregionaldigital.com.br\/index.php?rest_route=\/wp\/v2\/posts\/90948\/revisions"}],"wp:featuredmedia":[{"embeddable":true,"href":"https:\/\/diarioregionaldigital.com.br\/index.php?rest_route=\/wp\/v2\/media\/90947"}],"wp:attachment":[{"href":"https:\/\/diarioregionaldigital.com.br\/index.php?rest_route=%2Fwp%2Fv2%2Fmedia&parent=90948"}],"wp:term":[{"taxonomy":"category","embeddable":true,"href":"https:\/\/diarioregionaldigital.com.br\/index.php?rest_route=%2Fwp%2Fv2%2Fcategories&post=90948"},{"taxonomy":"post_tag","embeddable":true,"href":"https:\/\/diarioregionaldigital.com.br\/index.php?rest_route=%2Fwp%2Fv2%2Ftags&post=90948"}],"curies":[{"name":"wp","href":"https:\/\/api.w.org\/{rel}","templated":true}]}}