{"id":90946,"date":"2018-02-01T17:04:44","date_gmt":"2018-02-01T19:04:44","guid":{"rendered":"http:\/\/diarioregionaljf.com.br\/2018\/02\/01\/flamengo-anuncia-a-contratacao-de-henrique-dourado\/"},"modified":"2018-02-01T17:04:44","modified_gmt":"2018-02-01T19:04:44","slug":"flamengo-anuncia-a-contratacao-de-henrique-dourado","status":"publish","type":"post","link":"https:\/\/diarioregionaldigital.com.br\/?p=90946","title":{"rendered":"Flamengo anuncia a contrata\u00e7\u00e3o de Henrique Dourado"},"content":{"rendered":"<p>O Flamengo anunciou nesta quinta-feira, 1, a contrata\u00e7\u00e3o de Henrique Dourado. Terceiro refor\u00e7o do Meng\u00e3o para a atual temporada, o atacante chega \u00e0 G\u00e1vea para ser mais uma op\u00e7\u00e3o ao ataque rubro-negro, j\u00e1 que Paolo Guerrero ainda est\u00e1 suspenso ap\u00f3s ser flagrado em um exame antidoping quando defendia a sele\u00e7\u00e3o peruana.<\/p>\n<p>Artilheiro da \u00faltima edi\u00e7\u00e3o do Campeonato Brasileiro com 18 gols, ao lado de J\u00f4, ex-Corinthians, Dourado era o principal alvo do Tim\u00e3o, por\u00e9m, a diretoria do Fluminense fez jogo duro e acabou n\u00e3o negociando com a equipe paulista. O que os tricolores n\u00e3o esperavam era um fim ainda pior: ver seu principal jogador parar no rival.<\/p>\n<p>Revelado pelo Flamengo-SP, Henrique Dourado se destacou pela frequ\u00eancia com a qual sempre balan\u00e7ou as redes. Em 2011, no Cianorte, fez 14 gols em 30 partidas. J\u00e1 no ano seguinte foi pe\u00e7a-chave da Chapecoense, que conquistou o acesso \u00e0 S\u00e9rie B do Brasileir\u00e3o. O sucesso gradativo do jogador fez com que ele chegasse ao Palmeiras e, posteriormente, defendesse as camisas de Cruzeiro e Vit\u00f3ria de Guimar\u00e3es, de Portugal. Em 2016, retornou ao Brasil para vestir a camisa do Fluminense.<\/p>\n<p><strong>&nbsp;<\/strong><\/p>\n","protected":false},"excerpt":{"rendered":"<p>O Flamengo anunciou nesta quinta-feira, 1, a contrata\u00e7\u00e3o de Henrique Dourado. Terceiro refor\u00e7o do Meng\u00e3o para a atual temporada, o atacante chega \u00e0 G\u00e1vea para ser mais uma op\u00e7\u00e3o ao ataque rubro-negro, j\u00e1 que Paolo Guerrero ainda est\u00e1 suspenso ap\u00f3s ser flagrado em um exame antidoping quando defendia a sele\u00e7\u00e3o peruana. Artilheiro da \u00faltima edi\u00e7\u00e3o [&hellip;]<\/p>\n","protected":false},"author":96,"featured_media":90945,"comment_status":"closed","ping_status":"closed","sticky":false,"template":"","format":"standard","meta":{"footnotes":""},"categories":[257],"tags":[],"class_list":["post-90946","post","type-post","status-publish","format-standard","has-post-thumbnail","hentry","category-esporte"],"_links":{"self":[{"href":"https:\/\/diarioregionaldigital.com.br\/index.php?rest_route=\/wp\/v2\/posts\/90946","targetHints":{"allow":["GET"]}}],"collection":[{"href":"https:\/\/diarioregionaldigital.com.br\/index.php?rest_route=\/wp\/v2\/posts"}],"about":[{"href":"https:\/\/diarioregionaldigital.com.br\/index.php?rest_route=\/wp\/v2\/types\/post"}],"author":[{"embeddable":true,"href":"https:\/\/diarioregionaldigital.com.br\/index.php?rest_route=\/wp\/v2\/users\/96"}],"replies":[{"embeddable":true,"href":"https:\/\/diarioregionaldigital.com.br\/index.php?rest_route=%2Fwp%2Fv2%2Fcomments&post=90946"}],"version-history":[{"count":0,"href":"https:\/\/diarioregionaldigital.com.br\/index.php?rest_route=\/wp\/v2\/posts\/90946\/revisions"}],"wp:featuredmedia":[{"embeddable":true,"href":"https:\/\/diarioregionaldigital.com.br\/index.php?rest_route=\/wp\/v2\/media\/90945"}],"wp:attachment":[{"href":"https:\/\/diarioregionaldigital.com.br\/index.php?rest_route=%2Fwp%2Fv2%2Fmedia&parent=90946"}],"wp:term":[{"taxonomy":"category","embeddable":true,"href":"https:\/\/diarioregionaldigital.com.br\/index.php?rest_route=%2Fwp%2Fv2%2Fcategories&post=90946"},{"taxonomy":"post_tag","embeddable":true,"href":"https:\/\/diarioregionaldigital.com.br\/index.php?rest_route=%2Fwp%2Fv2%2Ftags&post=90946"}],"curies":[{"name":"wp","href":"https:\/\/api.w.org\/{rel}","templated":true}]}}