{"id":90944,"date":"2018-02-01T15:55:36","date_gmt":"2018-02-01T17:55:36","guid":{"rendered":"http:\/\/diarioregionaljf.com.br\/2018\/02\/01\/homem-tem-carro-roubado-em-plena-luz-do-dia-no-bairro-arco-iris\/"},"modified":"2018-02-01T15:55:36","modified_gmt":"2018-02-01T17:55:36","slug":"homem-tem-carro-roubado-em-plena-luz-do-dia-no-bairro-arco-iris","status":"publish","type":"post","link":"https:\/\/diarioregionaldigital.com.br\/?p=90944","title":{"rendered":"Homem tem carro roubado em plena luz do dia no bairro Arco-\u00cdris"},"content":{"rendered":"<p>Um homem de 38 anos teve seu ve\u00edculo roubado na tarde desta quarta-feira, 31, no bairro Arco-\u00cdris, localizado na zona Sul da cidade.<\/p>\n<p>De acordo com o registro de ocorr\u00eancias da Pol\u00edcia Militar (PM), o homem estacionou seu carro, da marca VW Saveiro, na Rua Hil\u00e1rio Dias da Cruz, por volta de 12h40. Entretanto, ao retornar por volta das 15h n\u00e3o o encontrou.<\/p>\n<p>A v\u00edtima acionou a PM, que repassou as informa\u00e7\u00f5es necess\u00e1rias para as demais provid\u00eancias.<\/p>\n<p>O carro n\u00e3o possui seguro.<\/p>\n","protected":false},"excerpt":{"rendered":"<p>Um homem de 38 anos teve seu ve\u00edculo roubado na tarde desta quarta-feira, 31, no bairro Arco-\u00cdris, localizado na zona Sul da cidade. De acordo com o registro de ocorr\u00eancias da Pol\u00edcia Militar (PM), o homem estacionou seu carro, da marca VW Saveiro, na Rua Hil\u00e1rio Dias da Cruz, por volta de 12h40. Entretanto, ao [&hellip;]<\/p>\n","protected":false},"author":96,"featured_media":90943,"comment_status":"closed","ping_status":"closed","sticky":false,"template":"","format":"standard","meta":{"footnotes":""},"categories":[301],"tags":[],"class_list":["post-90944","post","type-post","status-publish","format-standard","has-post-thumbnail","hentry","category-artigos-policiais"],"_links":{"self":[{"href":"https:\/\/diarioregionaldigital.com.br\/index.php?rest_route=\/wp\/v2\/posts\/90944","targetHints":{"allow":["GET"]}}],"collection":[{"href":"https:\/\/diarioregionaldigital.com.br\/index.php?rest_route=\/wp\/v2\/posts"}],"about":[{"href":"https:\/\/diarioregionaldigital.com.br\/index.php?rest_route=\/wp\/v2\/types\/post"}],"author":[{"embeddable":true,"href":"https:\/\/diarioregionaldigital.com.br\/index.php?rest_route=\/wp\/v2\/users\/96"}],"replies":[{"embeddable":true,"href":"https:\/\/diarioregionaldigital.com.br\/index.php?rest_route=%2Fwp%2Fv2%2Fcomments&post=90944"}],"version-history":[{"count":0,"href":"https:\/\/diarioregionaldigital.com.br\/index.php?rest_route=\/wp\/v2\/posts\/90944\/revisions"}],"wp:featuredmedia":[{"embeddable":true,"href":"https:\/\/diarioregionaldigital.com.br\/index.php?rest_route=\/wp\/v2\/media\/90943"}],"wp:attachment":[{"href":"https:\/\/diarioregionaldigital.com.br\/index.php?rest_route=%2Fwp%2Fv2%2Fmedia&parent=90944"}],"wp:term":[{"taxonomy":"category","embeddable":true,"href":"https:\/\/diarioregionaldigital.com.br\/index.php?rest_route=%2Fwp%2Fv2%2Fcategories&post=90944"},{"taxonomy":"post_tag","embeddable":true,"href":"https:\/\/diarioregionaldigital.com.br\/index.php?rest_route=%2Fwp%2Fv2%2Ftags&post=90944"}],"curies":[{"name":"wp","href":"https:\/\/api.w.org\/{rel}","templated":true}]}}