{"id":90940,"date":"2018-02-01T14:47:03","date_gmt":"2018-02-01T16:47:03","guid":{"rendered":"http:\/\/diarioregionaljf.com.br\/2018\/02\/01\/sel-realiza-reuniao-para-apresentar-novas-metas-aos-seus-profissionais-em-2018\/"},"modified":"2018-02-01T14:47:03","modified_gmt":"2018-02-01T16:47:03","slug":"sel-realiza-reuniao-para-apresentar-novas-metas-aos-seus-profissionais-em-2018","status":"publish","type":"post","link":"https:\/\/diarioregionaldigital.com.br\/?p=90940","title":{"rendered":"SEL realiza reuni\u00e3o para apresentar novas metas aos seus profissionais em 2018"},"content":{"rendered":"<p>Com o retorno das atividades em alguns programas e projetos da Secretaria de Esporte e Lazer (SEL) da Prefeitura de Juiz de Fora (PJF) em fevereiro, gerentes de departamentos e supervisores participaram de reuni\u00e3o nesta quarta-feira, 31, com a equipe de gabinete, para receber os professores que se encontravam em recesso em janeiro, conforme o calend\u00e1rio anual da rede municipal de ensino.<\/p>\n<p> Durante o encontro foi avaliado o bom desempenho dos profissionais da pasta no ano passado, tendo em vista o grande atendimento da secretaria nos seus programas, projetos e eventos.<\/p>\n<p> O secret\u00e1rio Julio Gasparette, da SEL, acompanhado do subsecret\u00e1rio, Tiago Barbosa, apontou as principais iniciativas tomadas para o sucesso das realiza\u00e7\u00f5es em 2017, e apresentou novas metas e diretrizes para 2018.<\/p>\n<p> Um dos temas discutidos foi a organiza\u00e7\u00e3o diferenciada das reuni\u00f5es pedag\u00f3gicas, para melhor atender aos interesses dos professores e da secretaria. Um objetivo da gest\u00e3o atual, compartilhado com os professores, \u00e9 o de iniciar processo para cria\u00e7\u00e3o do \u201cPlano Municipal de Esporte e Lazer\u201d, que pode beneficiar a cidade em v\u00e1rios quesitos, n\u00e3o s\u00f3 nessa gest\u00e3o, mas como legado da Prefeitura \u00e0 cidade.<\/p>\n<p> A reuni\u00e3o teve espa\u00e7o para os presentes se posicionarem sobre os temas apresentados, e ao final ficou o compromisso de amplia\u00e7\u00e3o do di\u00e1logo da pasta com seus profissionais, objetivando sempre a melhoria do atendimento em suas atividades.<\/p>\n<p><strong>&nbsp;<\/strong><\/p>\n<p><strong>&nbsp;<\/strong><\/p>\n<p><strong>&nbsp;<\/strong><\/p>\n","protected":false},"excerpt":{"rendered":"<p>Com o retorno das atividades em alguns programas e projetos da Secretaria de Esporte e Lazer (SEL) da Prefeitura de Juiz de Fora (PJF) em fevereiro, gerentes de departamentos e supervisores participaram de reuni\u00e3o nesta quarta-feira, 31, com a equipe de gabinete, para receber os professores que se encontravam em recesso em janeiro, conforme o [&hellip;]<\/p>\n","protected":false},"author":96,"featured_media":90939,"comment_status":"closed","ping_status":"closed","sticky":false,"template":"","format":"standard","meta":{"footnotes":""},"categories":[257],"tags":[],"class_list":["post-90940","post","type-post","status-publish","format-standard","has-post-thumbnail","hentry","category-esporte"],"_links":{"self":[{"href":"https:\/\/diarioregionaldigital.com.br\/index.php?rest_route=\/wp\/v2\/posts\/90940","targetHints":{"allow":["GET"]}}],"collection":[{"href":"https:\/\/diarioregionaldigital.com.br\/index.php?rest_route=\/wp\/v2\/posts"}],"about":[{"href":"https:\/\/diarioregionaldigital.com.br\/index.php?rest_route=\/wp\/v2\/types\/post"}],"author":[{"embeddable":true,"href":"https:\/\/diarioregionaldigital.com.br\/index.php?rest_route=\/wp\/v2\/users\/96"}],"replies":[{"embeddable":true,"href":"https:\/\/diarioregionaldigital.com.br\/index.php?rest_route=%2Fwp%2Fv2%2Fcomments&post=90940"}],"version-history":[{"count":0,"href":"https:\/\/diarioregionaldigital.com.br\/index.php?rest_route=\/wp\/v2\/posts\/90940\/revisions"}],"wp:featuredmedia":[{"embeddable":true,"href":"https:\/\/diarioregionaldigital.com.br\/index.php?rest_route=\/wp\/v2\/media\/90939"}],"wp:attachment":[{"href":"https:\/\/diarioregionaldigital.com.br\/index.php?rest_route=%2Fwp%2Fv2%2Fmedia&parent=90940"}],"wp:term":[{"taxonomy":"category","embeddable":true,"href":"https:\/\/diarioregionaldigital.com.br\/index.php?rest_route=%2Fwp%2Fv2%2Fcategories&post=90940"},{"taxonomy":"post_tag","embeddable":true,"href":"https:\/\/diarioregionaldigital.com.br\/index.php?rest_route=%2Fwp%2Fv2%2Ftags&post=90940"}],"curies":[{"name":"wp","href":"https:\/\/api.w.org\/{rel}","templated":true}]}}