{"id":90938,"date":"2018-02-01T14:44:32","date_gmt":"2018-02-01T16:44:32","guid":{"rendered":"http:\/\/diarioregionaljf.com.br\/2018\/02\/01\/a-cbf-confirmou-os-dois-ultimos-amistosos-da-selecao-brasileira-antes-da-copa-do-mundo\/"},"modified":"2018-02-01T14:44:32","modified_gmt":"2018-02-01T16:44:32","slug":"a-cbf-confirmou-os-dois-ultimos-amistosos-da-selecao-brasileira-antes-da-copa-do-mundo","status":"publish","type":"post","link":"https:\/\/diarioregionaldigital.com.br\/?p=90938","title":{"rendered":"A CBF confirmou os dois \u00faltimos amistosos da sele\u00e7\u00e3o brasileira antes da Copa do Mundo."},"content":{"rendered":"<p>O t\u00e9cnico Tite divulgar\u00e1 a pr\u00f3xima lista de convocados da Sele\u00e7\u00e3o Brasileira no dia 2 de mar\u00e7o. A convoca\u00e7\u00e3o ser\u00e1 realizada na sede da CBF, \u00e0s 11 horas. Nos dias 23 e 27 de mar\u00e7o, o Brasil enfrentar\u00e1 R\u00fassia e Alemanha, respectivamente.<\/p>\n<p>Os profissionais de imprensa interessados em realizar a cobertura do evento, com divulga\u00e7\u00e3o da lista e coletiva de imprensa, devem se credenciar diretamente na sede da entidade, entre 9h30 e 10h45 do dia 2 de mar\u00e7o.<\/p>\n<p>Estes dois amistosos, no dia 23 de mar\u00e7o em Moscou, e no dia 27 de mar\u00e7o em Berlim, ser\u00e3o os dois \u00faltimos da Sele\u00e7\u00e3o Brasileira antes da divulga\u00e7\u00e3o da lista final para a Copa do Mundo.<\/p>\n<p>Tais amistosos s\u00e3o a \u00faltima oportunidade para Tite testar jogadores que tentam um lugar entre os 23 convocados para a Copa. Jogadores como os laterais-direitos Danilo e Fagner, os laterais-esquerdos Alex Sandro e Filipe Luis e os atacantes Taison e Douglas Costa podem convencer o treinador a convoc\u00e1-los por estes \u00faltimos jogos.<\/p>\n<p>O Brasil estreia na Copa do Mundo no dia 17 de junho, \u00e0s 15 horas (de Bras\u00edlia), contra a&nbsp;<a href=\"https:\/\/www.gazetaesportiva.com\/times\/suica\/\">Su\u00ed\u00e7a<\/a>. Em seguida, a Sele\u00e7\u00e3o enfrenta a&nbsp;Costa Rica&nbsp;e a&nbsp;S\u00e9rvia &nbsp;em busca da classifica\u00e7\u00e3o para as oitavas de final.<\/p>\n","protected":false},"excerpt":{"rendered":"<p>O t\u00e9cnico Tite divulgar\u00e1 a pr\u00f3xima lista de convocados da Sele\u00e7\u00e3o Brasileira no dia 2 de mar\u00e7o. A convoca\u00e7\u00e3o ser\u00e1 realizada na sede da CBF, \u00e0s 11 horas. Nos dias 23 e 27 de mar\u00e7o, o Brasil enfrentar\u00e1 R\u00fassia e Alemanha, respectivamente. Os profissionais de imprensa interessados em realizar a cobertura do evento, com divulga\u00e7\u00e3o [&hellip;]<\/p>\n","protected":false},"author":96,"featured_media":90937,"comment_status":"closed","ping_status":"closed","sticky":false,"template":"","format":"standard","meta":{"footnotes":""},"categories":[257],"tags":[],"class_list":["post-90938","post","type-post","status-publish","format-standard","has-post-thumbnail","hentry","category-esporte"],"_links":{"self":[{"href":"https:\/\/diarioregionaldigital.com.br\/index.php?rest_route=\/wp\/v2\/posts\/90938","targetHints":{"allow":["GET"]}}],"collection":[{"href":"https:\/\/diarioregionaldigital.com.br\/index.php?rest_route=\/wp\/v2\/posts"}],"about":[{"href":"https:\/\/diarioregionaldigital.com.br\/index.php?rest_route=\/wp\/v2\/types\/post"}],"author":[{"embeddable":true,"href":"https:\/\/diarioregionaldigital.com.br\/index.php?rest_route=\/wp\/v2\/users\/96"}],"replies":[{"embeddable":true,"href":"https:\/\/diarioregionaldigital.com.br\/index.php?rest_route=%2Fwp%2Fv2%2Fcomments&post=90938"}],"version-history":[{"count":0,"href":"https:\/\/diarioregionaldigital.com.br\/index.php?rest_route=\/wp\/v2\/posts\/90938\/revisions"}],"wp:featuredmedia":[{"embeddable":true,"href":"https:\/\/diarioregionaldigital.com.br\/index.php?rest_route=\/wp\/v2\/media\/90937"}],"wp:attachment":[{"href":"https:\/\/diarioregionaldigital.com.br\/index.php?rest_route=%2Fwp%2Fv2%2Fmedia&parent=90938"}],"wp:term":[{"taxonomy":"category","embeddable":true,"href":"https:\/\/diarioregionaldigital.com.br\/index.php?rest_route=%2Fwp%2Fv2%2Fcategories&post=90938"},{"taxonomy":"post_tag","embeddable":true,"href":"https:\/\/diarioregionaldigital.com.br\/index.php?rest_route=%2Fwp%2Fv2%2Ftags&post=90938"}],"curies":[{"name":"wp","href":"https:\/\/api.w.org\/{rel}","templated":true}]}}