{"id":90934,"date":"2018-02-01T12:53:05","date_gmt":"2018-02-01T14:53:05","guid":{"rendered":"http:\/\/diarioregionaljf.com.br\/2018\/02\/01\/homem-e-assaltado-por-individuo-armado-com-faca-no-ipiranga\/"},"modified":"2018-02-01T12:53:05","modified_gmt":"2018-02-01T14:53:05","slug":"homem-e-assaltado-por-individuo-armado-com-faca-no-ipiranga","status":"publish","type":"post","link":"https:\/\/diarioregionaldigital.com.br\/?p=90934","title":{"rendered":"Homem \u00e9 assaltado por indiv\u00edduo armado com faca no Ipiranga"},"content":{"rendered":"<p>Um homem de 45 anos foi assaltado no in\u00edcio da madrugada desta quinta-feira, 1\u00ba, ao chegar a sua resid\u00eancia no bairro Ipiranga, zona Sul.<\/p>\n<p>Segundo informa\u00e7\u00f5es da Pol\u00edcia Militar (PM), o homem caminhava pela Rua Geraldo Ferreira Gomes e ao se aproximar de sua casa, foi abordado por um indiv\u00edduo que anunciou o assalto.<\/p>\n<p>O autor estava armado com uma faca e utilizava uma camisa preta escondendo o rosto. Ele fez amea\u00e7as contra a v\u00edtima e roubou sua bolsa com celular, dinheiro e documentos pessoais.<\/p>\n<p>Ap\u00f3s o crime, o assaltante fugiu em dire\u00e7\u00e3o \u00e0 Pra\u00e7a S\u00e3o Geraldo, tamb\u00e9m localizado no bairro Ipiranga.<\/p>\n<p>A PM realizou buscas, mas o autor n\u00e3o foi localizado.<\/p>\n<p>A v\u00edtima recebeu as orienta\u00e7\u00f5es necess\u00e1rias.<\/p>\n","protected":false},"excerpt":{"rendered":"<p>Um homem de 45 anos foi assaltado no in\u00edcio da madrugada desta quinta-feira, 1\u00ba, ao chegar a sua resid\u00eancia no bairro Ipiranga, zona Sul. Segundo informa\u00e7\u00f5es da Pol\u00edcia Militar (PM), o homem caminhava pela Rua Geraldo Ferreira Gomes e ao se aproximar de sua casa, foi abordado por um indiv\u00edduo que anunciou o assalto. O [&hellip;]<\/p>\n","protected":false},"author":96,"featured_media":90933,"comment_status":"closed","ping_status":"closed","sticky":false,"template":"","format":"standard","meta":{"footnotes":""},"categories":[301],"tags":[],"class_list":["post-90934","post","type-post","status-publish","format-standard","has-post-thumbnail","hentry","category-artigos-policiais"],"_links":{"self":[{"href":"https:\/\/diarioregionaldigital.com.br\/index.php?rest_route=\/wp\/v2\/posts\/90934","targetHints":{"allow":["GET"]}}],"collection":[{"href":"https:\/\/diarioregionaldigital.com.br\/index.php?rest_route=\/wp\/v2\/posts"}],"about":[{"href":"https:\/\/diarioregionaldigital.com.br\/index.php?rest_route=\/wp\/v2\/types\/post"}],"author":[{"embeddable":true,"href":"https:\/\/diarioregionaldigital.com.br\/index.php?rest_route=\/wp\/v2\/users\/96"}],"replies":[{"embeddable":true,"href":"https:\/\/diarioregionaldigital.com.br\/index.php?rest_route=%2Fwp%2Fv2%2Fcomments&post=90934"}],"version-history":[{"count":0,"href":"https:\/\/diarioregionaldigital.com.br\/index.php?rest_route=\/wp\/v2\/posts\/90934\/revisions"}],"wp:featuredmedia":[{"embeddable":true,"href":"https:\/\/diarioregionaldigital.com.br\/index.php?rest_route=\/wp\/v2\/media\/90933"}],"wp:attachment":[{"href":"https:\/\/diarioregionaldigital.com.br\/index.php?rest_route=%2Fwp%2Fv2%2Fmedia&parent=90934"}],"wp:term":[{"taxonomy":"category","embeddable":true,"href":"https:\/\/diarioregionaldigital.com.br\/index.php?rest_route=%2Fwp%2Fv2%2Fcategories&post=90934"},{"taxonomy":"post_tag","embeddable":true,"href":"https:\/\/diarioregionaldigital.com.br\/index.php?rest_route=%2Fwp%2Fv2%2Ftags&post=90934"}],"curies":[{"name":"wp","href":"https:\/\/api.w.org\/{rel}","templated":true}]}}