{"id":90932,"date":"2018-02-01T12:37:28","date_gmt":"2018-02-01T14:37:28","guid":{"rendered":"http:\/\/diarioregionaljf.com.br\/2018\/02\/01\/caminhao-de-bebidas-e-assaltado-por-dupla-armada-na-zona-leste\/"},"modified":"2018-02-01T12:37:28","modified_gmt":"2018-02-01T14:37:28","slug":"caminhao-de-bebidas-e-assaltado-por-dupla-armada-na-zona-leste","status":"publish","type":"post","link":"https:\/\/diarioregionaldigital.com.br\/?p=90932","title":{"rendered":"Caminh\u00e3o de bebidas \u00e9 assaltado por dupla armada na zona Leste"},"content":{"rendered":"<p>Um caminh\u00e3o de bebidas foi assaltado na tarde desta quarta-feira, 31, no bairro Nossa Senhora Aparecida, localizado na zona Leste da cidade.<\/p>\n<p>Segundo a Pol\u00edcia Militar (PM), o motorista do caminh\u00e3o, de 32 anos, fazia uma entrega de bebidas em um bar na Rua Capit\u00e3o Bicalho, quando foi abordado por dois indiv\u00edduos que anunciaram o assalto.<\/p>\n<p>Um dos autores estava armado e ap\u00f3s amea\u00e7as roubou a quantia de R$1000 e um aparelho celular. Ap\u00f3s o crime a dupla de assaltantes fugiu em rumo ignorado.<\/p>\n<p>A PM foi acionada, realizou buscas na regi\u00e3o, mas n\u00e3o localizou os autores.<\/p>\n<p>A v\u00edtima recebeu as orienta\u00e7\u00f5es necess\u00e1rias.<\/p>\n","protected":false},"excerpt":{"rendered":"<p>Um caminh\u00e3o de bebidas foi assaltado na tarde desta quarta-feira, 31, no bairro Nossa Senhora Aparecida, localizado na zona Leste da cidade. Segundo a Pol\u00edcia Militar (PM), o motorista do caminh\u00e3o, de 32 anos, fazia uma entrega de bebidas em um bar na Rua Capit\u00e3o Bicalho, quando foi abordado por dois indiv\u00edduos que anunciaram o [&hellip;]<\/p>\n","protected":false},"author":96,"featured_media":90931,"comment_status":"closed","ping_status":"closed","sticky":false,"template":"","format":"standard","meta":{"footnotes":""},"categories":[301],"tags":[],"class_list":["post-90932","post","type-post","status-publish","format-standard","has-post-thumbnail","hentry","category-artigos-policiais"],"_links":{"self":[{"href":"https:\/\/diarioregionaldigital.com.br\/index.php?rest_route=\/wp\/v2\/posts\/90932","targetHints":{"allow":["GET"]}}],"collection":[{"href":"https:\/\/diarioregionaldigital.com.br\/index.php?rest_route=\/wp\/v2\/posts"}],"about":[{"href":"https:\/\/diarioregionaldigital.com.br\/index.php?rest_route=\/wp\/v2\/types\/post"}],"author":[{"embeddable":true,"href":"https:\/\/diarioregionaldigital.com.br\/index.php?rest_route=\/wp\/v2\/users\/96"}],"replies":[{"embeddable":true,"href":"https:\/\/diarioregionaldigital.com.br\/index.php?rest_route=%2Fwp%2Fv2%2Fcomments&post=90932"}],"version-history":[{"count":0,"href":"https:\/\/diarioregionaldigital.com.br\/index.php?rest_route=\/wp\/v2\/posts\/90932\/revisions"}],"wp:featuredmedia":[{"embeddable":true,"href":"https:\/\/diarioregionaldigital.com.br\/index.php?rest_route=\/wp\/v2\/media\/90931"}],"wp:attachment":[{"href":"https:\/\/diarioregionaldigital.com.br\/index.php?rest_route=%2Fwp%2Fv2%2Fmedia&parent=90932"}],"wp:term":[{"taxonomy":"category","embeddable":true,"href":"https:\/\/diarioregionaldigital.com.br\/index.php?rest_route=%2Fwp%2Fv2%2Fcategories&post=90932"},{"taxonomy":"post_tag","embeddable":true,"href":"https:\/\/diarioregionaldigital.com.br\/index.php?rest_route=%2Fwp%2Fv2%2Ftags&post=90932"}],"curies":[{"name":"wp","href":"https:\/\/api.w.org\/{rel}","templated":true}]}}