{"id":90923,"date":"2018-01-31T22:23:40","date_gmt":"2018-02-01T00:23:40","guid":{"rendered":"http:\/\/diarioregionaljf.com.br\/2018\/01\/31\/banco-central-estima-crescimento-da-divida-publica-em-janeiro\/"},"modified":"2018-01-31T22:23:40","modified_gmt":"2018-02-01T00:23:40","slug":"banco-central-estima-crescimento-da-divida-publica-em-janeiro","status":"publish","type":"post","link":"https:\/\/diarioregionaldigital.com.br\/?p=90923","title":{"rendered":"Banco Central estima crescimento da d\u00edvida p\u00fablica em janeiro"},"content":{"rendered":"<p>O Banco Central (BC) estima que a d\u00edvida p\u00fablica do Brasil continue crescendo em janeiro. Segundo proje\u00e7\u00e3o divulgada nessa quarta-feira, 31, em janeiro, a d\u00edvida l\u00edquida dever\u00e1 chegar ao equivalente a 52,2% do Produto Interno Bruto (PIB, soma de todos os bens e servi\u00e7os produzidos no pa\u00eds).<\/p>\n<p>A d\u00edvida l\u00edquida do setor p\u00fablico, que \u00e9 o balan\u00e7o entre o total de cr\u00e9ditos e d\u00e9bitos dos governos federal, estaduais e municipais, fechou 2017 em R$3,38 trilh\u00f5es, o que corresponde a 51,6% do PIB, o maior valor desde julho de 2004.<\/p>\n<p>De acordo com o chefe do Departamento de Estat\u00edsticas do BC, Fernando Rocha, o aumento da d\u00edvida \u00e9 explicado principalmente pelo c\u00e2mbio. A estimativa \u00e9 que o d\u00f3lar feche o per\u00edodo em US$3,17, uma queda de 4,15% em rela\u00e7\u00e3o aos US$3,31 registrados em dezembro. &#8220;Uma aprecia\u00e7\u00e3o do c\u00e2mbio eleva a d\u00edvida l\u00edquida.&nbsp;A d\u00edvida aumenta porque \u00e9 credora da moeda estrangeira.&#8221;<\/p>\n<p>Rocha disse que a d\u00edvida l\u00edquida tem crescido e, em geral, quanto maior \u00e9 essa divida, maior o esfor\u00e7o do Estado para control\u00e1-la e maior a conta de juros a ser paga. J\u00e1 a redu\u00e7\u00e3o da d\u00edvida l\u00edquida tende a contribuir para a atividade econ\u00f4mica.<\/p>\n<h4>D\u00edvida Bruta<\/h4>\n<p>Quanto \u00e0 d\u00edvida bruta, que contabiliza apenas os passivos dos governos federal, estaduais e municipais, a estimativa tamb\u00e9m \u00e9 de aumento. Em dezembro, a d\u00edvida bruta chegou a R$4,85 trilh\u00f5es ou 74% do PIB. A estimativa para janeiro \u00e9 que fique em 74,6%.<\/p>\n<p>A d\u00edvida bruta \u00e9 um dos principais indicadores internacionais acompanhados pelas ag\u00eancias de classifica\u00e7\u00e3o de risco. As notas dadas pelas ag\u00eancias representam uma medida de confian\u00e7a dos investidores internacionais na economia de determinado pa\u00eds.<\/p>\n<p>Tais avalia\u00e7\u00f5es servem como refer\u00eancia para os juros dos t\u00edtulos p\u00fablicos, que representam o custo para o governo pegar dinheiro emprestado dos investidores. As ag\u00eancias tamb\u00e9m atribuem notas aos t\u00edtulos que empresas emitem no mercado financeiro, avaliando a capacidade de as companhias honrarem os compromissos.<\/p>\n<p>Perguntado se h\u00e1 alguma expectativa de redu\u00e7\u00e3o da d\u00edvida, Rocha disse que um dos caminhos poss\u00edveis \u00e9 um aumento da atividade econ\u00f4mica que leve a aumento do PIB e consequentemente a uma redu\u00e7\u00e3o da porcentagem da d\u00edvida. Outro caminho \u00e9 o fiscal, com a redu\u00e7\u00e3o do d\u00e9ficit prim\u00e1rio. A redu\u00e7\u00e3o dos juros \u00e9 outro fator que tem impacto positivo na conta.<\/p>\n<p>O resultado prim\u00e1rio \u00e9 calculado pelas receitas p\u00fablicas menos as despesas. &#8220;O resultado prim\u00e1rio \u00e9 necess\u00e1rio para estabilizar a d\u00edvida. O Brasil precisa ser superavit\u00e1rio para que [a economia] se estabilize, e a d\u00edvida comece a cair. Ainda n\u00e3o temos super\u00e1vit, temos d\u00e9ficit&#8221;, afirmou Rocha.<\/p>\n<p>De acordo com o resultado divulgado hoje, o Brasil come\u00e7a a recuperar as contas. O pa\u00eds fechou 2017 com um d\u00e9ficit prim\u00e1rio de R$110,6 bilh\u00f5es nas contas p\u00fablicas da Uni\u00e3o, dos estados e munic\u00edpios, o que corresponde a 1,69% do PIB. O valor foi o melhor desde 2014.<\/p>\n<hr \/>\n<p>&nbsp;Fonte: Ag\u00eancia Brasil<\/p>\n","protected":false},"excerpt":{"rendered":"<p>O Banco Central (BC) estima que a d\u00edvida p\u00fablica do Brasil continue crescendo em janeiro. Segundo proje\u00e7\u00e3o divulgada nessa quarta-feira, 31, em janeiro, a d\u00edvida l\u00edquida dever\u00e1 chegar ao equivalente a 52,2% do Produto Interno Bruto (PIB, soma de todos os bens e servi\u00e7os produzidos no pa\u00eds). A d\u00edvida l\u00edquida do setor p\u00fablico, que \u00e9 [&hellip;]<\/p>\n","protected":false},"author":96,"featured_media":90922,"comment_status":"closed","ping_status":"closed","sticky":false,"template":"","format":"standard","meta":{"footnotes":""},"categories":[261],"tags":[],"class_list":["post-90923","post","type-post","status-publish","format-standard","has-post-thumbnail","hentry","category-economia"],"_links":{"self":[{"href":"https:\/\/diarioregionaldigital.com.br\/index.php?rest_route=\/wp\/v2\/posts\/90923","targetHints":{"allow":["GET"]}}],"collection":[{"href":"https:\/\/diarioregionaldigital.com.br\/index.php?rest_route=\/wp\/v2\/posts"}],"about":[{"href":"https:\/\/diarioregionaldigital.com.br\/index.php?rest_route=\/wp\/v2\/types\/post"}],"author":[{"embeddable":true,"href":"https:\/\/diarioregionaldigital.com.br\/index.php?rest_route=\/wp\/v2\/users\/96"}],"replies":[{"embeddable":true,"href":"https:\/\/diarioregionaldigital.com.br\/index.php?rest_route=%2Fwp%2Fv2%2Fcomments&post=90923"}],"version-history":[{"count":0,"href":"https:\/\/diarioregionaldigital.com.br\/index.php?rest_route=\/wp\/v2\/posts\/90923\/revisions"}],"wp:featuredmedia":[{"embeddable":true,"href":"https:\/\/diarioregionaldigital.com.br\/index.php?rest_route=\/wp\/v2\/media\/90922"}],"wp:attachment":[{"href":"https:\/\/diarioregionaldigital.com.br\/index.php?rest_route=%2Fwp%2Fv2%2Fmedia&parent=90923"}],"wp:term":[{"taxonomy":"category","embeddable":true,"href":"https:\/\/diarioregionaldigital.com.br\/index.php?rest_route=%2Fwp%2Fv2%2Fcategories&post=90923"},{"taxonomy":"post_tag","embeddable":true,"href":"https:\/\/diarioregionaldigital.com.br\/index.php?rest_route=%2Fwp%2Fv2%2Ftags&post=90923"}],"curies":[{"name":"wp","href":"https:\/\/api.w.org\/{rel}","templated":true}]}}