{"id":90919,"date":"2018-01-31T21:58:20","date_gmt":"2018-01-31T23:58:20","guid":{"rendered":"http:\/\/diarioregionaljf.com.br\/2018\/01\/31\/caia-na-folia-com-muito-brilho\/"},"modified":"2018-01-31T21:58:20","modified_gmt":"2018-01-31T23:58:20","slug":"caia-na-folia-com-muito-brilho","status":"publish","type":"post","link":"https:\/\/diarioregionaldigital.com.br\/?p=90919","title":{"rendered":"CAIA NA FOLIA COM MUITO BRILHO"},"content":{"rendered":"<p style=\"text-align: justify;\">Engana-se quem pensa que o brilho \u00e9 s\u00f3 para noite. Em dose adequada \u00e9 ideal para aquelas mulheres que querem se divertir poderosas nos blocos de Carnaval. Para isso, brinque com seu arm\u00e1rio e caia na folia.<\/p>\n<p style=\"text-align: justify;\">\u201cA nossa proposta \u00e9 brilhar nesse Carnaval. Ent\u00e3o, busque em seu guarda-roupa alguma pe\u00e7a com brilho, um vestido que voc\u00ea usou em uma formatura ou festa de 15 anos, e desconstrua essa pe\u00e7a combinando com outros elementos. O brilho vai deixar o seu visual charmoso e trazer essa magia do Carnaval\u201d, explicou a colunista de moda do Di\u00e1rio Regional, Ana Paula Calixto.<\/p>\n<p style=\"text-align: justify;\">Combine uma blusa de paet\u00ea com um short jeans ou uma saia de paet\u00ea com t-shirt b\u00e1sica ou com frases t\u00edpicas de Carnaval. \u201cO brilho pode ir para o dia e ser usado com t\u00eanis. Para dar a cara do Carnaval, coloque um acess\u00f3rio de cabelo, fa\u00e7a uma maquiagem elaborada. A regra \u00e9 sua, mas o look deve est\u00e1 harmonioso, pois ningu\u00e9m est\u00e1 indo para o baile do mau gosto\u201d, disse Ana Paula.<\/p>\n<p style=\"text-align: justify;\">Com o aux\u00edlio da professora do curso de Design de Moda do Centro Universit\u00e1rio Est\u00e1cio Juiz de Fora, Dani Brito, que foi respons\u00e1vel pela maquiagem, Ana Paula montou tr\u00eas produ\u00e7\u00f5es nesse editorial de puro brilho, especial para o Di\u00e1rio Regional.<br \/>Para aquelas que n\u00e3o s\u00e3o adeptas ao brilho, mas querem arriscar nessa data, Ana Paula Calixto alugar\u00e1 produ\u00e7\u00f5es carnavalescas sobre o tema. Se voc\u00ea tiver interesse, entre em contato atrav\u00e9s dos telefones 98816-0667 (Mari Matos) ou 98406-1777 (Ana Paula Calixto).<\/p>\n<p>&nbsp;<\/p>\n<p>&nbsp;<\/p>\n<h1>LOOK 1<\/h1>\n<p><img loading=\"lazy\" decoding=\"async\" class=\" size-full wp-image-90910\" src=\"http:\/\/diarioregionaljf.com.br\/wp-content\/uploads\/2018\/01\/diario-int-23707-1.JPG\" alt=\"maquaigemmodelo.JPG\" style=\"display: block; margin-left: auto; margin-right: auto;\" width=\"675\" height=\"450\" srcset=\"https:\/\/diarioregionaldigital.com.br\/wp-content\/uploads\/2018\/01\/diario-int-23707-1.JPG 675w, https:\/\/diarioregionaldigital.com.br\/wp-content\/uploads\/2018\/01\/diario-int-23707-1-300x200.jpg 300w, https:\/\/diarioregionaldigital.com.br\/wp-content\/uploads\/2018\/01\/diario-int-23707-1-360x240.jpg 360w\" sizes=\"auto, (max-width: 675px) 100vw, 675px\" \/><\/p>\n<p style=\"text-align: center;\"><em><strong>Na maquiagem, pode-se seguir dois caminhos. Nessa primeira op\u00e7\u00e3o, foi trabalhado tom sobre tom. \u201cUsei o dourado e os tons terrosos, misturando o estilo de glitter e tamanhos. A dica \u00e9 usar o iluminador cremoso para fixar o glitter em p\u00f3. Voc\u00ea pode usar uma maquiagem com menos cor e muito brilho\u201d, explicou Dani.<\/strong><\/em><\/p>\n<p style=\"text-align: center;\"><img loading=\"lazy\" decoding=\"async\" class=\" size-full wp-image-90911\" src=\"http:\/\/diarioregionaljf.com.br\/wp-content\/uploads\/2018\/01\/diario-int-23707-2.JPG\" alt=\"bolsa.JPG\" style=\"display: block; margin-left: auto; margin-right: auto;\" width=\"675\" height=\"450\" srcset=\"https:\/\/diarioregionaldigital.com.br\/wp-content\/uploads\/2018\/01\/diario-int-23707-2.JPG 675w, https:\/\/diarioregionaldigital.com.br\/wp-content\/uploads\/2018\/01\/diario-int-23707-2-300x200.jpg 300w, https:\/\/diarioregionaldigital.com.br\/wp-content\/uploads\/2018\/01\/diario-int-23707-2-360x240.jpg 360w\" sizes=\"auto, (max-width: 675px) 100vw, 675px\" \/><\/p>\n<p style=\"text-align: center;\"><em><strong>O brilho tamb\u00e9m pode alcan\u00e7ar os acess\u00f3rios, como a bolsa de paet\u00eas que pode ser usada para carregar os documentos e celular.<\/strong><\/em><\/p>\n<p>&nbsp;<\/p>\n<p><img loading=\"lazy\" decoding=\"async\" class=\" size-full wp-image-90912\" src=\"http:\/\/diarioregionaljf.com.br\/wp-content\/uploads\/2018\/01\/diario-int-23707-3.JPG\" alt=\"lookfinal.JPG\" style=\"display: block; margin-left: auto; margin-right: auto;\" width=\"2304\" height=\"3456\" srcset=\"https:\/\/diarioregionaldigital.com.br\/wp-content\/uploads\/2018\/01\/diario-int-23707-3.JPG 2304w, https:\/\/diarioregionaldigital.com.br\/wp-content\/uploads\/2018\/01\/diario-int-23707-3-200x300.jpg 200w, https:\/\/diarioregionaldigital.com.br\/wp-content\/uploads\/2018\/01\/diario-int-23707-3-768x1152.jpg 768w, https:\/\/diarioregionaldigital.com.br\/wp-content\/uploads\/2018\/01\/diario-int-23707-3-683x1024.jpg 683w, https:\/\/diarioregionaldigital.com.br\/wp-content\/uploads\/2018\/01\/diario-int-23707-3-360x540.jpg 360w\" sizes=\"auto, (max-width: 2304px) 100vw, 2304px\" \/><\/p>\n<p style=\"text-align: center;\"><em><strong>Dica: Para transformar o look em uma produ\u00e7\u00e3o noturna, suba no salto!<\/strong><\/em><\/p>\n<h4>&nbsp;<\/h4>\n<h1>&nbsp;<\/h1>\n<h1>LOOK 2<\/h1>\n<p><img loading=\"lazy\" decoding=\"async\" class=\" size-full wp-image-90913\" src=\"http:\/\/diarioregionaljf.com.br\/wp-content\/uploads\/2018\/01\/diario-int-23707-4.JPG\" alt=\"make.JPG\" style=\"display: block; margin-left: auto; margin-right: auto;\" width=\"300\" height=\"450\" srcset=\"https:\/\/diarioregionaldigital.com.br\/wp-content\/uploads\/2018\/01\/diario-int-23707-4.JPG 300w, https:\/\/diarioregionaldigital.com.br\/wp-content\/uploads\/2018\/01\/diario-int-23707-4-200x300.jpg 200w\" sizes=\"auto, (max-width: 300px) 100vw, 300px\" \/><\/p>\n<p style=\"text-align: center;\"><em><strong>Para aquelas que querem encarnar um personagem, assista tutoriais na internet para aprender o passo a passo daquela maquiagem. \u201cLembre-se de usar produtos adequados para o rosto\u201d, alertou Dani. \u201cUse o batom cremoso para fixar o glitter em p\u00f3 na boca. \u00c9 uma boa op\u00e7\u00e3o para substituir o batom metalizado\u201d, acrescentou.<\/strong><\/em><\/p>\n<p><img loading=\"lazy\" decoding=\"async\" class=\" size-full wp-image-90914\" src=\"http:\/\/diarioregionaljf.com.br\/wp-content\/uploads\/2018\/01\/diario-int-23707-5.JPG\" alt=\"asa.JPG\" style=\"display: block; margin-left: auto; margin-right: auto;\" width=\"300\" height=\"450\" srcset=\"https:\/\/diarioregionaldigital.com.br\/wp-content\/uploads\/2018\/01\/diario-int-23707-5.JPG 300w, https:\/\/diarioregionaldigital.com.br\/wp-content\/uploads\/2018\/01\/diario-int-23707-5-200x300.jpg 200w\" sizes=\"auto, (max-width: 300px) 100vw, 300px\" \/><\/p>\n<p style=\"text-align: center;\"><em><strong>Na hora de desembolsar, aposte no acess\u00f3rio que vai ser a cereja do bolo em seu look.<\/strong><\/em><\/p>\n<p><img loading=\"lazy\" decoding=\"async\" class=\" size-full wp-image-90915\" src=\"http:\/\/diarioregionaljf.com.br\/wp-content\/uploads\/2018\/01\/diario-int-23707-6.JPG\" alt=\"borboleta.JPG\" style=\"display: block; margin-left: auto; margin-right: auto;\" width=\"300\" height=\"450\" srcset=\"https:\/\/diarioregionaldigital.com.br\/wp-content\/uploads\/2018\/01\/diario-int-23707-6.JPG 300w, https:\/\/diarioregionaldigital.com.br\/wp-content\/uploads\/2018\/01\/diario-int-23707-6-200x300.jpg 200w\" sizes=\"auto, (max-width: 300px) 100vw, 300px\" \/><\/p>\n<p style=\"text-align: center;\"><em><strong>Dica: N\u00e3o foi preciso de uma fantasia para transform\u00e1-la em uma linda borboleta. Aposte em seu arm\u00e1rio!<\/strong><\/em><\/p>\n<p>&nbsp;<\/p>\n<h1>LOOK 3<\/h1>\n<p>&nbsp;<\/p>\n<p><img loading=\"lazy\" decoding=\"async\" class=\" size-full wp-image-90916\" src=\"http:\/\/diarioregionaljf.com.br\/wp-content\/uploads\/2018\/01\/diario-int-23707-7.JPG\" alt=\"colorido.JPG\" style=\"display: block; margin-left: auto; margin-right: auto;\" width=\"675\" height=\"450\" srcset=\"https:\/\/diarioregionaldigital.com.br\/wp-content\/uploads\/2018\/01\/diario-int-23707-7.JPG 675w, https:\/\/diarioregionaldigital.com.br\/wp-content\/uploads\/2018\/01\/diario-int-23707-7-300x200.jpg 300w, https:\/\/diarioregionaldigital.com.br\/wp-content\/uploads\/2018\/01\/diario-int-23707-7-360x240.jpg 360w\" sizes=\"auto, (max-width: 675px) 100vw, 675px\" \/><\/p>\n<p style=\"text-align: center;\"><em><strong>A segunda op\u00e7\u00e3o de maquiagem \u00e9 apostar nas cores. \u201cFiz um degrad\u00ea de cores, onde explorei os olhos e as bochechas. Se voc\u00ea quer ser discreta, combine as cores, mas cuidado para n\u00e3o ficar&nbsp; combinadinho demais. Se quiser ousar mais, trabalhe com o contraste. Para o acabamento, usei pedrarias que devem ser coladas com material espec\u00edfico, como cola para glitter\u201d, explicou Dani.<\/strong><\/em><\/p>\n<p>&nbsp;<\/p>\n<p><img loading=\"lazy\" decoding=\"async\" class=\" size-full wp-image-90917\" src=\"http:\/\/diarioregionaljf.com.br\/wp-content\/uploads\/2018\/01\/diario-int-23707-8.JPG\" alt=\"choker.JPG\" style=\"display: block; margin-left: auto; margin-right: auto;\" width=\"300\" height=\"450\" srcset=\"https:\/\/diarioregionaldigital.com.br\/wp-content\/uploads\/2018\/01\/diario-int-23707-8.JPG 300w, https:\/\/diarioregionaldigital.com.br\/wp-content\/uploads\/2018\/01\/diario-int-23707-8-200x300.jpg 200w\" sizes=\"auto, (max-width: 300px) 100vw, 300px\" \/><\/p>\n<p style=\"text-align: center;\"><em><strong>N\u00e3o s\u00e3o somente as roupas que ganham um novo significado. A choker pode ser usada como um acess\u00f3rio no bra\u00e7o.<\/strong><\/em><\/p>\n<p>&nbsp;<\/p>\n<p><img loading=\"lazy\" decoding=\"async\" class=\" size-full wp-image-90918\" src=\"http:\/\/diarioregionaljf.com.br\/wp-content\/uploads\/2018\/01\/diario-int-23707-9.JPG\" alt=\"finallook.JPG\" style=\"display: block; margin-left: auto; margin-right: auto;\" width=\"300\" height=\"450\" srcset=\"https:\/\/diarioregionaldigital.com.br\/wp-content\/uploads\/2018\/01\/diario-int-23707-9.JPG 300w, https:\/\/diarioregionaldigital.com.br\/wp-content\/uploads\/2018\/01\/diario-int-23707-9-200x300.jpg 200w\" sizes=\"auto, (max-width: 300px) 100vw, 300px\" \/><\/p>\n<p style=\"text-align: center;\"><em><strong>Dica: Divirta-se, mas se proteja! N\u00e3o esque\u00e7a o filtro solar.<\/strong><\/em><\/p>\n<p>&nbsp;<\/p>\n<p><strong>Modelos: Laura Pedroso, Carol Ara\u00fajo e Fransciane Oliveira (Patr\u00edcia Alvim Agency e Productions)<\/strong><\/p>\n<p>&nbsp;<\/p>\n<hr \/>\n<p>&nbsp;Confira tamb\u00e9m a reportagem em v\u00eddeo:<\/p>\n<h1 class=\"title style-scope ytd-video-primary-info-renderer\"><a href=\"https:\/\/www.youtube.com\/watch?v=tIg8-OcQcN8\">Dicas de looks criativos e econ\u00f4micos para curtir os dias de carnaval<\/a><\/h1>\n<p>&nbsp;<\/p>\n<p>&nbsp;<\/p>\n","protected":false},"excerpt":{"rendered":"<p>Engana-se quem pensa que o brilho \u00e9 s\u00f3 para noite. Em dose adequada \u00e9 ideal para aquelas mulheres que querem se divertir poderosas nos blocos de Carnaval. Para isso, brinque com seu arm\u00e1rio e caia na folia. \u201cA nossa proposta \u00e9 brilhar nesse Carnaval. Ent\u00e3o, busque em seu guarda-roupa alguma pe\u00e7a com brilho, um vestido [&hellip;]<\/p>\n","protected":false},"author":96,"featured_media":90909,"comment_status":"closed","ping_status":"closed","sticky":false,"template":"","format":"standard","meta":{"footnotes":""},"categories":[253],"tags":[],"class_list":["post-90919","post","type-post","status-publish","format-standard","has-post-thumbnail","hentry","category-cidade"],"_links":{"self":[{"href":"https:\/\/diarioregionaldigital.com.br\/index.php?rest_route=\/wp\/v2\/posts\/90919","targetHints":{"allow":["GET"]}}],"collection":[{"href":"https:\/\/diarioregionaldigital.com.br\/index.php?rest_route=\/wp\/v2\/posts"}],"about":[{"href":"https:\/\/diarioregionaldigital.com.br\/index.php?rest_route=\/wp\/v2\/types\/post"}],"author":[{"embeddable":true,"href":"https:\/\/diarioregionaldigital.com.br\/index.php?rest_route=\/wp\/v2\/users\/96"}],"replies":[{"embeddable":true,"href":"https:\/\/diarioregionaldigital.com.br\/index.php?rest_route=%2Fwp%2Fv2%2Fcomments&post=90919"}],"version-history":[{"count":0,"href":"https:\/\/diarioregionaldigital.com.br\/index.php?rest_route=\/wp\/v2\/posts\/90919\/revisions"}],"wp:featuredmedia":[{"embeddable":true,"href":"https:\/\/diarioregionaldigital.com.br\/index.php?rest_route=\/wp\/v2\/media\/90909"}],"wp:attachment":[{"href":"https:\/\/diarioregionaldigital.com.br\/index.php?rest_route=%2Fwp%2Fv2%2Fmedia&parent=90919"}],"wp:term":[{"taxonomy":"category","embeddable":true,"href":"https:\/\/diarioregionaldigital.com.br\/index.php?rest_route=%2Fwp%2Fv2%2Fcategories&post=90919"},{"taxonomy":"post_tag","embeddable":true,"href":"https:\/\/diarioregionaldigital.com.br\/index.php?rest_route=%2Fwp%2Fv2%2Ftags&post=90919"}],"curies":[{"name":"wp","href":"https:\/\/api.w.org\/{rel}","templated":true}]}}