{"id":90908,"date":"2018-01-31T21:08:19","date_gmt":"2018-01-31T23:08:19","guid":{"rendered":"http:\/\/diarioregionaljf.com.br\/2018\/01\/31\/transporte-publico-devera-operar-com-sistema-de-reconhecimento-facial-na-proxima-semana\/"},"modified":"2018-01-31T21:08:19","modified_gmt":"2018-01-31T23:08:19","slug":"transporte-publico-devera-operar-com-sistema-de-reconhecimento-facial-na-proxima-semana","status":"publish","type":"post","link":"https:\/\/diarioregionaldigital.com.br\/?p=90908","title":{"rendered":"Transporte p\u00fablico dever\u00e1 operar com sistema de reconhecimento facial na pr\u00f3xima semana"},"content":{"rendered":"<p>A Secretaria de Transporte e Tr\u00e2nsito (Settra) da Prefeitura de Juiz de Fora (PJF) anunciou que o funcionamento do sistema de reconhecimento facial no transporte p\u00fablico dever\u00e1 come\u00e7ar na pr\u00f3xima semana. Na ter\u00e7a-feira, 30, representantes da pasta e do Cons\u00f3rcio Integrados de Transporte Urbano (Cinturb) se reuniram para definir os \u00faltimos detalhes para o in\u00edcio das atividades do equipamento, que visa coibir o uso indevido e fraudes por parte dos portadores dos cart\u00f5es de gratuidade, garantindo o benef\u00edcio a quem realmente tem direito.<\/p>\n<p>A gerente do departamento de transporte p\u00fablico da Settra, Andrea Santos explica que o detector que faz o reconhecimento facial vai tirar fotos simult\u00e2neas do usu\u00e1rio quando ele passar pela catraca. Os dados ser\u00e3o confrontados com as imagens que os benefici\u00e1rios t\u00eam cadastradas no sistema. Caso seja confirmada a irregularidade, o cart\u00e3o do usu\u00e1rio ser\u00e1 bloqueado por 30 dias.<\/p>\n<p>A medida \u00e9 v\u00e1lida para cart\u00e3o deficiente, cart\u00e3o bilhete \u00fanico, estudantes da rede p\u00fablica municipal com direito \u00e0 gratuidade, cart\u00e3o idoso e cart\u00e3o livre para os que fazem jus \u00e0 gratuidade. Segundo Andrea, o bloqueio n\u00e3o atrapalhar\u00e1 o andamento da viagem, uma vez que identificado, o usu\u00e1rio ter\u00e1 a op\u00e7\u00e3o de pagar a passagem ou entregar o cart\u00e3o ao cobrador e seguir viagem. \u201cO usu\u00e1rio vai receber a informa\u00e7\u00e3o de que precisa ir ao Cinturb para saber o motivo do bloqueio. Ele vai assinar ainda um termo de ci\u00eancia e ter\u00e1 cinco dias para recorrer da restri\u00e7\u00e3o\u201d, diz.<\/p>\n<p>O recurso ser\u00e1 analisado por uma comiss\u00e3o multidisciplinar, composta por membros das secretarias de Transporte e Tr\u00e2nsito (Settra), de Educa\u00e7\u00e3o (SE) e de Desenvolvimento Social (SDS) e representantes das entidades que atendem aos portadores de gratuidade, tendo o resultado publicado no Di\u00e1rio Oficial do Munic\u00edpio. Usu\u00e1rios que tiverem o cart\u00e3o bloqueado e n\u00e3o comparecerem ao Cinturb em at\u00e9 72 horas ter\u00e3o os nomes publicados no Di\u00e1rio Oficial e poder\u00e3o recorrer do bloqueio em at\u00e9 cinco dias.<\/p>\n<p>Segundo a Settra, cerca de 13% dos usu\u00e1rios que passam pelas roletas dos coletivos utilizam algum tipo de benef\u00edcio de gratuidade. A estat\u00edstica n\u00e3o abrange portadores dos cart\u00f5es PCD, usu\u00e1rios que n\u00e3o s\u00e3o obrigados a passar pela catraca. Apesar disso, a instru\u00e7\u00e3o \u00e9 que eles aproximem o cart\u00e3o do validador para a captura da imagem.<\/p>\n","protected":false},"excerpt":{"rendered":"<p>A Secretaria de Transporte e Tr\u00e2nsito (Settra) da Prefeitura de Juiz de Fora (PJF) anunciou que o funcionamento do sistema de reconhecimento facial no transporte p\u00fablico dever\u00e1 come\u00e7ar na pr\u00f3xima semana. Na ter\u00e7a-feira, 30, representantes da pasta e do Cons\u00f3rcio Integrados de Transporte Urbano (Cinturb) se reuniram para definir os \u00faltimos detalhes para o in\u00edcio [&hellip;]<\/p>\n","protected":false},"author":96,"featured_media":0,"comment_status":"closed","ping_status":"closed","sticky":false,"template":"","format":"standard","meta":{"footnotes":""},"categories":[253],"tags":[],"class_list":["post-90908","post","type-post","status-publish","format-standard","hentry","category-cidade"],"_links":{"self":[{"href":"https:\/\/diarioregionaldigital.com.br\/index.php?rest_route=\/wp\/v2\/posts\/90908","targetHints":{"allow":["GET"]}}],"collection":[{"href":"https:\/\/diarioregionaldigital.com.br\/index.php?rest_route=\/wp\/v2\/posts"}],"about":[{"href":"https:\/\/diarioregionaldigital.com.br\/index.php?rest_route=\/wp\/v2\/types\/post"}],"author":[{"embeddable":true,"href":"https:\/\/diarioregionaldigital.com.br\/index.php?rest_route=\/wp\/v2\/users\/96"}],"replies":[{"embeddable":true,"href":"https:\/\/diarioregionaldigital.com.br\/index.php?rest_route=%2Fwp%2Fv2%2Fcomments&post=90908"}],"version-history":[{"count":0,"href":"https:\/\/diarioregionaldigital.com.br\/index.php?rest_route=\/wp\/v2\/posts\/90908\/revisions"}],"wp:attachment":[{"href":"https:\/\/diarioregionaldigital.com.br\/index.php?rest_route=%2Fwp%2Fv2%2Fmedia&parent=90908"}],"wp:term":[{"taxonomy":"category","embeddable":true,"href":"https:\/\/diarioregionaldigital.com.br\/index.php?rest_route=%2Fwp%2Fv2%2Fcategories&post=90908"},{"taxonomy":"post_tag","embeddable":true,"href":"https:\/\/diarioregionaldigital.com.br\/index.php?rest_route=%2Fwp%2Fv2%2Ftags&post=90908"}],"curies":[{"name":"wp","href":"https:\/\/api.w.org\/{rel}","templated":true}]}}