{"id":90907,"date":"2018-01-31T21:06:53","date_gmt":"2018-01-31T23:06:53","guid":{"rendered":"http:\/\/diarioregionaljf.com.br\/2018\/01\/31\/notas-das-provas-do-pism-iii-serao-divulgadas-nesta-quinta-feira\/"},"modified":"2018-01-31T21:06:53","modified_gmt":"2018-01-31T23:06:53","slug":"notas-das-provas-do-pism-iii-serao-divulgadas-nesta-quinta-feira","status":"publish","type":"post","link":"https:\/\/diarioregionaldigital.com.br\/?p=90907","title":{"rendered":"Notas das provas do Pism III ser\u00e3o divulgadas nesta quinta-feira"},"content":{"rendered":"<p>Est\u00e1 prevista para as 15h desta quinta-feira, 1\u00ba, a divulga\u00e7\u00e3o das notas das provas do M\u00f3dulo III do Programa de Ingresso Seletivo Misto (Pism 2018) da Universidade Federal de Juiz de Fora (UFJF), no <a href=\"http:\/\/www.ufjf.br\/copese\/\" target=\"_blank\" rel=\"noopener noreferrer\">site da Coordena\u00e7\u00e3o Geral de Processos Seletivos<\/a> (Copese). Nesta edi\u00e7\u00e3o, a UFJF ofereceu 2.323 vagas em 72 cursos.<\/p>\n<p>A partir desta sexta-feira, 2, os recursos sobre os resultados divulgados dever\u00e3o ser requeridos em formul\u00e1rio dispon\u00edvel no site da Coordena\u00e7\u00e3o. Uma vez preenchido, o documento deve ser entregue \u00e0 Central de Atendimento ou enviado ao e-mail vestibular@ufjf.edu.br no dia 2, das 9h \u00e0s 16h, seguindo as condi\u00e7\u00f5es do edital. Tamb\u00e9m no dia 2 os participantes poder\u00e3o pedir o espelho do cart\u00e3o resposta das provas objetivas.<\/p>\n<p>A Copese ir\u00e1 atestar o recebimento de recursos enviados por e-mail. Caso a confirma\u00e7\u00e3o n\u00e3o chegue, \u00e9 responsabilidade do candidato entrar em contato com o setor pelos telefones (32) 2102-3738 ou (32) 2102-3755.<\/p>\n<p>O resultado final do Pism III ser\u00e1 divulgado no dia 8, a partir das 15h.<\/p>\n<p>&nbsp;<\/p>\n<h4>M\u00d3DULOS I E II<\/h4>\n<p>As notas dos m\u00f3dulos I e II ser\u00e3o divulgadas no dia 8 de mar\u00e7o. Os candidatos poder\u00e3o pedir recurso dos resultados no dia 9 do mesmo m\u00eas, tamb\u00e9m na Central de Atendimento, das 9h \u00e0s 16h.<\/p>\n<p>&nbsp;<\/p>\n<p>Fonte: Assessoria<\/p>\n","protected":false},"excerpt":{"rendered":"<p>Est\u00e1 prevista para as 15h desta quinta-feira, 1\u00ba, a divulga\u00e7\u00e3o das notas das provas do M\u00f3dulo III do Programa de Ingresso Seletivo Misto (Pism 2018) da Universidade Federal de Juiz de Fora (UFJF), no site da Coordena\u00e7\u00e3o Geral de Processos Seletivos (Copese). Nesta edi\u00e7\u00e3o, a UFJF ofereceu 2.323 vagas em 72 cursos. A partir desta [&hellip;]<\/p>\n","protected":false},"author":96,"featured_media":90906,"comment_status":"closed","ping_status":"closed","sticky":false,"template":"","format":"standard","meta":{"footnotes":""},"categories":[253],"tags":[],"class_list":["post-90907","post","type-post","status-publish","format-standard","has-post-thumbnail","hentry","category-cidade"],"_links":{"self":[{"href":"https:\/\/diarioregionaldigital.com.br\/index.php?rest_route=\/wp\/v2\/posts\/90907","targetHints":{"allow":["GET"]}}],"collection":[{"href":"https:\/\/diarioregionaldigital.com.br\/index.php?rest_route=\/wp\/v2\/posts"}],"about":[{"href":"https:\/\/diarioregionaldigital.com.br\/index.php?rest_route=\/wp\/v2\/types\/post"}],"author":[{"embeddable":true,"href":"https:\/\/diarioregionaldigital.com.br\/index.php?rest_route=\/wp\/v2\/users\/96"}],"replies":[{"embeddable":true,"href":"https:\/\/diarioregionaldigital.com.br\/index.php?rest_route=%2Fwp%2Fv2%2Fcomments&post=90907"}],"version-history":[{"count":0,"href":"https:\/\/diarioregionaldigital.com.br\/index.php?rest_route=\/wp\/v2\/posts\/90907\/revisions"}],"wp:featuredmedia":[{"embeddable":true,"href":"https:\/\/diarioregionaldigital.com.br\/index.php?rest_route=\/wp\/v2\/media\/90906"}],"wp:attachment":[{"href":"https:\/\/diarioregionaldigital.com.br\/index.php?rest_route=%2Fwp%2Fv2%2Fmedia&parent=90907"}],"wp:term":[{"taxonomy":"category","embeddable":true,"href":"https:\/\/diarioregionaldigital.com.br\/index.php?rest_route=%2Fwp%2Fv2%2Fcategories&post=90907"},{"taxonomy":"post_tag","embeddable":true,"href":"https:\/\/diarioregionaldigital.com.br\/index.php?rest_route=%2Fwp%2Fv2%2Ftags&post=90907"}],"curies":[{"name":"wp","href":"https:\/\/api.w.org\/{rel}","templated":true}]}}