{"id":90903,"date":"2018-01-31T20:29:47","date_gmt":"2018-01-31T22:29:47","guid":{"rendered":"http:\/\/diarioregionaljf.com.br\/2018\/01\/31\/projeto-permite-que-motorista-escolha-oficina-para-fazer-revisao-sem-perder-garantia-do-carro\/"},"modified":"2018-01-31T20:29:47","modified_gmt":"2018-01-31T22:29:47","slug":"projeto-permite-que-motorista-escolha-oficina-para-fazer-revisao-sem-perder-garantia-do-carro","status":"publish","type":"post","link":"https:\/\/diarioregionaldigital.com.br\/?p=90903","title":{"rendered":"Projeto permite que motorista escolha oficina para fazer revis\u00e3o sem perder garantia do carro"},"content":{"rendered":"<p>As revis\u00f5es de carro fora das oficinas credenciadas ou autorizadas pelo fabricante n\u00e3o poder\u00e3o implicar perda da garantia do ve\u00edculo, se o Projeto de Lei 9074\/17 for aprovado pela C\u00e2mara dos Deputados.<\/p>\n<p>A proposta foi apresentada pelo deputado Alexandre Valle (PR-RJ). Ele destaca que hoje, para manter a garantia do ve\u00edculo, \u201cos propriet\u00e1rios s\u00e3o obrigados a fazer a revis\u00e3o em oficinas autorizadas, as quais lhes imp\u00f5e valores surreais em cada revis\u00e3o\u201d.<\/p>\n<p>O parlamentar ressalta que a Constitui\u00e7\u00e3o \u00e9 taxativa ao assegurar que ningu\u00e9m poder\u00e1 ser compelido a associar-se ou a permanecer associado.<\/p>\n<p>O objetivo do deputado, com o projeto, \u00e9 conferir \u00e0s oficinas descredenciadas \u201cigualdade com as autorizadas, de modo que os propriet\u00e1rios dos ve\u00edculos possam escolher onde e com quem fazer suas revis\u00f5es\u201d.<\/p>\n<p>Segundo o texto, os itens obrigat\u00f3rios exigidos pelo fabricante em suas revis\u00f5es de garantia dever\u00e3o ser observados pelas oficinas descredenciadas, ficando as mesmas obrigadas a comprovarem, por meio de nota fiscal anexada ao manual do ve\u00edculo, os servi\u00e7os executados e poss\u00edveis trocas de pe\u00e7as originais.<\/p>\n<p>&nbsp;<\/p>\n<h4>TRAMITA\u00c7\u00c3O<\/h4>\n<p>A proposta ser\u00e1 analisada, em car\u00e1ter conclusivo, pelas comiss\u00f5es de Desenvolvimento Econ\u00f4mico, Ind\u00fastria, Com\u00e9rcio e Servi\u00e7os; de Defesa do Consumidor; e de Constitui\u00e7\u00e3o e Justi\u00e7a e de Cidadania.<\/p>\n<p>Fonte: Ag\u00eancia C\u00e2mara Not\u00edcias<\/p>\n","protected":false},"excerpt":{"rendered":"<p>As revis\u00f5es de carro fora das oficinas credenciadas ou autorizadas pelo fabricante n\u00e3o poder\u00e3o implicar perda da garantia do ve\u00edculo, se o Projeto de Lei 9074\/17 for aprovado pela C\u00e2mara dos Deputados. A proposta foi apresentada pelo deputado Alexandre Valle (PR-RJ). Ele destaca que hoje, para manter a garantia do ve\u00edculo, \u201cos propriet\u00e1rios s\u00e3o obrigados [&hellip;]<\/p>\n","protected":false},"author":96,"featured_media":90902,"comment_status":"closed","ping_status":"closed","sticky":false,"template":"","format":"standard","meta":{"footnotes":""},"categories":[254],"tags":[],"class_list":["post-90903","post","type-post","status-publish","format-standard","has-post-thumbnail","hentry","category-politica"],"_links":{"self":[{"href":"https:\/\/diarioregionaldigital.com.br\/index.php?rest_route=\/wp\/v2\/posts\/90903","targetHints":{"allow":["GET"]}}],"collection":[{"href":"https:\/\/diarioregionaldigital.com.br\/index.php?rest_route=\/wp\/v2\/posts"}],"about":[{"href":"https:\/\/diarioregionaldigital.com.br\/index.php?rest_route=\/wp\/v2\/types\/post"}],"author":[{"embeddable":true,"href":"https:\/\/diarioregionaldigital.com.br\/index.php?rest_route=\/wp\/v2\/users\/96"}],"replies":[{"embeddable":true,"href":"https:\/\/diarioregionaldigital.com.br\/index.php?rest_route=%2Fwp%2Fv2%2Fcomments&post=90903"}],"version-history":[{"count":0,"href":"https:\/\/diarioregionaldigital.com.br\/index.php?rest_route=\/wp\/v2\/posts\/90903\/revisions"}],"wp:featuredmedia":[{"embeddable":true,"href":"https:\/\/diarioregionaldigital.com.br\/index.php?rest_route=\/wp\/v2\/media\/90902"}],"wp:attachment":[{"href":"https:\/\/diarioregionaldigital.com.br\/index.php?rest_route=%2Fwp%2Fv2%2Fmedia&parent=90903"}],"wp:term":[{"taxonomy":"category","embeddable":true,"href":"https:\/\/diarioregionaldigital.com.br\/index.php?rest_route=%2Fwp%2Fv2%2Fcategories&post=90903"},{"taxonomy":"post_tag","embeddable":true,"href":"https:\/\/diarioregionaldigital.com.br\/index.php?rest_route=%2Fwp%2Fv2%2Ftags&post=90903"}],"curies":[{"name":"wp","href":"https:\/\/api.w.org\/{rel}","templated":true}]}}