{"id":90901,"date":"2018-01-31T20:21:37","date_gmt":"2018-01-31T22:21:37","guid":{"rendered":"http:\/\/diarioregionaljf.com.br\/2018\/01\/31\/divulgacao-de-fake-news-pode-passar-a-ser-punida-com-ate-tres-anos-de-reclusao\/"},"modified":"2018-01-31T20:21:37","modified_gmt":"2018-01-31T22:21:37","slug":"divulgacao-de-fake-news-pode-passar-a-ser-punida-com-ate-tres-anos-de-reclusao","status":"publish","type":"post","link":"https:\/\/diarioregionaldigital.com.br\/?p=90901","title":{"rendered":"Divulga\u00e7\u00e3o de &#8216;fake news&#8217; pode passar a ser punida com at\u00e9 tr\u00eas anos de reclus\u00e3o"},"content":{"rendered":"<p>Quem divulgar not\u00edcias que souber serem falsas sobre assuntos relacionados a sa\u00fade, seguran\u00e7a p\u00fablica, economia nacional, processo eleitoral ou que afetem interesse p\u00fablico relevante poder\u00e1 ser punido com penas de deten\u00e7\u00e3o ou reclus\u00e3o. \u00c9 o que prev\u00ea o Projeto de Lei do Senado 473\/2017, que aguarda a designa\u00e7\u00e3o de relator na Comiss\u00e3o de Constitui\u00e7\u00e3o, Justi\u00e7a e Cidadania (CCJ).<\/p>\n<p>O projeto, do senador Ciro Nogueira (PP-PI), estabelece pena de seis meses a dois anos de deten\u00e7\u00e3o no caso da simples divulga\u00e7\u00e3o das chamadas \u201cfake news\u201d. Caso essa divulga\u00e7\u00e3o seja feita por meio da internet, a pena passa a ser de reclus\u00e3o de um a tr\u00eas anos. Se a pr\u00e1tica visar \u00e0 obten\u00e7\u00e3o de algum tipo de vantagem, a pena poder\u00e1 ser aumentada em at\u00e9 dois ter\u00e7os.<\/p>\n<p>De acordo com Ciro Nogueira, h\u00e1 situa\u00e7\u00f5es em que as not\u00edcias falsas t\u00eam como alvo pessoas espec\u00edficas, e nesses casos elas podem constituir os crimes de cal\u00fania, inf\u00e2mia ou difama\u00e7\u00e3o, j\u00e1 previstos no C\u00f3digo Penal. Entretanto, h\u00e1 casos em que o dano da fake news n\u00e3o pode ser individualizado, mas atinge o \u201cdireito difuso de a popula\u00e7\u00e3o receber not\u00edcias verdadeiras e n\u00e3o corrompidas\u201d. Segundo ele, o objetivo do projeto \u00e9 coibir esses casos, que ainda n\u00e3o est\u00e3o previstos nas lei.<\/p>\n<p>\u00c9 poss\u00edvel opinar sobre o projeto e votar contra ou a favor da mat\u00e9ria atrav\u00e9s do site da Casa. Todas as propostas que tramitam no Senado est\u00e3o abertas a consulta p\u00fablica por meio do portal e-Cidadania. Tamb\u00e9m \u00e9 poss\u00edvel comentar na p\u00e1gina do Senado no Facebook.<\/p>\n<p>Fonte: Ag\u00eancia Senado<\/p>\n","protected":false},"excerpt":{"rendered":"<p>Quem divulgar not\u00edcias que souber serem falsas sobre assuntos relacionados a sa\u00fade, seguran\u00e7a p\u00fablica, economia nacional, processo eleitoral ou que afetem interesse p\u00fablico relevante poder\u00e1 ser punido com penas de deten\u00e7\u00e3o ou reclus\u00e3o. \u00c9 o que prev\u00ea o Projeto de Lei do Senado 473\/2017, que aguarda a designa\u00e7\u00e3o de relator na Comiss\u00e3o de Constitui\u00e7\u00e3o, Justi\u00e7a [&hellip;]<\/p>\n","protected":false},"author":96,"featured_media":90900,"comment_status":"closed","ping_status":"closed","sticky":false,"template":"","format":"standard","meta":{"footnotes":""},"categories":[254],"tags":[],"class_list":["post-90901","post","type-post","status-publish","format-standard","has-post-thumbnail","hentry","category-politica"],"_links":{"self":[{"href":"https:\/\/diarioregionaldigital.com.br\/index.php?rest_route=\/wp\/v2\/posts\/90901","targetHints":{"allow":["GET"]}}],"collection":[{"href":"https:\/\/diarioregionaldigital.com.br\/index.php?rest_route=\/wp\/v2\/posts"}],"about":[{"href":"https:\/\/diarioregionaldigital.com.br\/index.php?rest_route=\/wp\/v2\/types\/post"}],"author":[{"embeddable":true,"href":"https:\/\/diarioregionaldigital.com.br\/index.php?rest_route=\/wp\/v2\/users\/96"}],"replies":[{"embeddable":true,"href":"https:\/\/diarioregionaldigital.com.br\/index.php?rest_route=%2Fwp%2Fv2%2Fcomments&post=90901"}],"version-history":[{"count":0,"href":"https:\/\/diarioregionaldigital.com.br\/index.php?rest_route=\/wp\/v2\/posts\/90901\/revisions"}],"wp:featuredmedia":[{"embeddable":true,"href":"https:\/\/diarioregionaldigital.com.br\/index.php?rest_route=\/wp\/v2\/media\/90900"}],"wp:attachment":[{"href":"https:\/\/diarioregionaldigital.com.br\/index.php?rest_route=%2Fwp%2Fv2%2Fmedia&parent=90901"}],"wp:term":[{"taxonomy":"category","embeddable":true,"href":"https:\/\/diarioregionaldigital.com.br\/index.php?rest_route=%2Fwp%2Fv2%2Fcategories&post=90901"},{"taxonomy":"post_tag","embeddable":true,"href":"https:\/\/diarioregionaldigital.com.br\/index.php?rest_route=%2Fwp%2Fv2%2Ftags&post=90901"}],"curies":[{"name":"wp","href":"https:\/\/api.w.org\/{rel}","templated":true}]}}