{"id":90899,"date":"2018-01-31T20:14:21","date_gmt":"2018-01-31T22:14:21","guid":{"rendered":"http:\/\/diarioregionaljf.com.br\/2018\/01\/31\/neymar-entra-na-justica-e-cobra-o-barcelona\/"},"modified":"2018-01-31T20:14:21","modified_gmt":"2018-01-31T22:14:21","slug":"neymar-entra-na-justica-e-cobra-o-barcelona","status":"publish","type":"post","link":"https:\/\/diarioregionaldigital.com.br\/?p=90899","title":{"rendered":"Neymar entra na justi\u00e7a e cobra o Barcelona"},"content":{"rendered":"<p>A rela\u00e7\u00e3o entre Neymar e Barcelona, que ficou bastante ruim ap\u00f3s a transfer\u00eancia do jogador para o PSG, parece continuar n\u00e3o sendo das melhores. Segundo o&nbsp;El Mundo, o atacante entrou na justi\u00e7a cobrando 30 milh\u00f5es de euros (R$118 milh\u00f5es) do antigo clube.<\/p>\n<p>Isso porque, a quantia seria referente \u00e0 segunda parcela da renova\u00e7\u00e3o de contrato assinada com os espanh\u00f3is em 2016, que gira em torno dos 26 milh\u00f5es de euros. No entanto, os respons\u00e1veis pelo jogador aumentaram o pedido por considerarem que juros tamb\u00e9m devem ser pagos.<\/p>\n<p>Durante a renova\u00e7\u00e3o do v\u00ednculo de Neymar com os catal\u00e3es, ficou acertado que o clube dariam o dinheiro em duas parcelas iguais justamente por conta do prorrogamento do contrato. Entretanto, na segunda parcela, parte do montante foi bloqueado, pois o Bar\u00e7a questiona a transfer\u00eancia do brasileiro ao PSG.<\/p>\n<p>Al\u00e9m do atacante, o Barcelona tamb\u00e9m tem processo correndo na justi\u00e7a cobrando dinheiro do atleta, cerca de 75 milh\u00f5es de euros (R$298 milh\u00f5es). Os valores seriam referentes \u00e0 renova\u00e7\u00e3o de v\u00ednculo e uma multa por danos e preju\u00edzos por acreditar ser v\u00edtima de descumprimento de contrato.<\/p>\n<p>Neymar acertou sua transfer\u00eancia para o PSG em agosto do ano passado. Na ocasi\u00e3o, a equipe da Fran\u00e7a desembolsou 222 milh\u00f5es de euros (R$821 milh\u00f5es na \u00e9poca) para contratar o atacante que era um dos destaques no clube espanhol ao lado de Lionel Messi e Luis Su\u00e1rez.<\/p>\n","protected":false},"excerpt":{"rendered":"<p>A rela\u00e7\u00e3o entre Neymar e Barcelona, que ficou bastante ruim ap\u00f3s a transfer\u00eancia do jogador para o PSG, parece continuar n\u00e3o sendo das melhores. Segundo o&nbsp;El Mundo, o atacante entrou na justi\u00e7a cobrando 30 milh\u00f5es de euros (R$118 milh\u00f5es) do antigo clube. Isso porque, a quantia seria referente \u00e0 segunda parcela da renova\u00e7\u00e3o de contrato [&hellip;]<\/p>\n","protected":false},"author":96,"featured_media":90898,"comment_status":"closed","ping_status":"closed","sticky":false,"template":"","format":"standard","meta":{"footnotes":""},"categories":[257],"tags":[],"class_list":["post-90899","post","type-post","status-publish","format-standard","has-post-thumbnail","hentry","category-esporte"],"_links":{"self":[{"href":"https:\/\/diarioregionaldigital.com.br\/index.php?rest_route=\/wp\/v2\/posts\/90899","targetHints":{"allow":["GET"]}}],"collection":[{"href":"https:\/\/diarioregionaldigital.com.br\/index.php?rest_route=\/wp\/v2\/posts"}],"about":[{"href":"https:\/\/diarioregionaldigital.com.br\/index.php?rest_route=\/wp\/v2\/types\/post"}],"author":[{"embeddable":true,"href":"https:\/\/diarioregionaldigital.com.br\/index.php?rest_route=\/wp\/v2\/users\/96"}],"replies":[{"embeddable":true,"href":"https:\/\/diarioregionaldigital.com.br\/index.php?rest_route=%2Fwp%2Fv2%2Fcomments&post=90899"}],"version-history":[{"count":0,"href":"https:\/\/diarioregionaldigital.com.br\/index.php?rest_route=\/wp\/v2\/posts\/90899\/revisions"}],"wp:featuredmedia":[{"embeddable":true,"href":"https:\/\/diarioregionaldigital.com.br\/index.php?rest_route=\/wp\/v2\/media\/90898"}],"wp:attachment":[{"href":"https:\/\/diarioregionaldigital.com.br\/index.php?rest_route=%2Fwp%2Fv2%2Fmedia&parent=90899"}],"wp:term":[{"taxonomy":"category","embeddable":true,"href":"https:\/\/diarioregionaldigital.com.br\/index.php?rest_route=%2Fwp%2Fv2%2Fcategories&post=90899"},{"taxonomy":"post_tag","embeddable":true,"href":"https:\/\/diarioregionaldigital.com.br\/index.php?rest_route=%2Fwp%2Fv2%2Ftags&post=90899"}],"curies":[{"name":"wp","href":"https:\/\/api.w.org\/{rel}","templated":true}]}}