{"id":90897,"date":"2018-01-31T20:14:12","date_gmt":"2018-01-31T22:14:12","guid":{"rendered":"http:\/\/diarioregionaljf.com.br\/2018\/01\/31\/temer-diz-que-ate-marco-reforma-da-previdencia-estara-liquidada\/"},"modified":"2018-01-31T20:14:12","modified_gmt":"2018-01-31T22:14:12","slug":"temer-diz-que-ate-marco-reforma-da-previdencia-estara-liquidada","status":"publish","type":"post","link":"https:\/\/diarioregionaldigital.com.br\/?p=90897","title":{"rendered":"Temer diz que at\u00e9 mar\u00e7o reforma da Previd\u00eancia estar\u00e1 &#8220;liquidada&#8221;"},"content":{"rendered":"<p>O presidente Michel Temer disse nessa quarta-feira, 31, que acredita que a reforma da Previd\u00eancia estar\u00e1 \u201cliquidada\u201d at\u00e9 o m\u00eas de mar\u00e7o. A declara\u00e7\u00e3o foi dada em entrevista concedida pelo presidente \u00e0 R\u00e1dio Metr\u00f3pole, da Bahia.<\/p>\n<p>Temer tem participado de v\u00e1rios programas de televis\u00e3o e r\u00e1dio para divulgar a proposta do governo de mudar as regras de acesso \u00e0 aposentadoria. O presidente acredita que tem melhorado a percep\u00e7\u00e3o popular sobre a reforma, e isso pode levar os parlamentares a aprovar a proposta que tramita na C\u00e2mara.<\/p>\n<p>\u201cSe o povo estiver convencido de que a reforma \u00e9 importante, isso vai influenciar os nossos colegas parlamentares, que poder\u00e3o votar a Previd\u00eancia. Ent\u00e3o, eu acho que vamos conseguir votar em fevereiro, e, portanto, at\u00e9 o m\u00eas de mar\u00e7o teremos, penso eu, liquidado a quest\u00e3o da [reforma da] Previd\u00eancia\u201d, disse Temer.<\/p>\n<p>A proposta de emenda \u00e0 Constitui\u00e7\u00e3o (PEC) que trata da reforma previdenci\u00e1ria aguarda an\u00e1lise do plen\u00e1rio da C\u00e2mara desde o ano passado e pode ser votada pelos deputados a partir da segunda quinzena de fevereiro. A poucos dias do in\u00edcio do ano legislativo, lideran\u00e7as da base governista ainda buscam apoio para a proposta, que precisa de, no m\u00ednimo, 308 votos em dois turnos, para ser aprovada.<\/p>\n<p>Sobre a pol\u00eamica em torno da nomea\u00e7\u00e3o da deputada Cristiane Brasil (PTB-RJ) como ministra do Trabalho, o presidente reafirmou que vai aguardar \u201cserenamente\u201d a decis\u00e3o do Judici\u00e1rio. Ele afirmou, no entanto, que espera que o Supremo Tribunal Federal autorize a posse da ministra, considerando que a escolha do comando de minist\u00e9rios \u00e9 uma prerrogativa constitucional da Presid\u00eancia da Rep\u00fablica.<\/p>\n<p>\u201cEu sou muito atento \u00e0 divis\u00e3o de compet\u00eancias. Se o Supremo, que tem a \u00faltima palavra, disser que n\u00e3o pode, paci\u00eancia, n\u00f3s acolheremos essa mat\u00e9ria. Eu espero que n\u00e3o aconte\u00e7a, mas, se acontecer, paci\u00eancia\u201d, disse.<\/p>\n<p>Fonte: Ag\u00eancia Brasil<\/p>\n","protected":false},"excerpt":{"rendered":"<p>O presidente Michel Temer disse nessa quarta-feira, 31, que acredita que a reforma da Previd\u00eancia estar\u00e1 \u201cliquidada\u201d at\u00e9 o m\u00eas de mar\u00e7o. A declara\u00e7\u00e3o foi dada em entrevista concedida pelo presidente \u00e0 R\u00e1dio Metr\u00f3pole, da Bahia. Temer tem participado de v\u00e1rios programas de televis\u00e3o e r\u00e1dio para divulgar a proposta do governo de mudar as [&hellip;]<\/p>\n","protected":false},"author":96,"featured_media":90896,"comment_status":"closed","ping_status":"closed","sticky":false,"template":"","format":"standard","meta":{"footnotes":""},"categories":[254],"tags":[],"class_list":["post-90897","post","type-post","status-publish","format-standard","has-post-thumbnail","hentry","category-politica"],"_links":{"self":[{"href":"https:\/\/diarioregionaldigital.com.br\/index.php?rest_route=\/wp\/v2\/posts\/90897","targetHints":{"allow":["GET"]}}],"collection":[{"href":"https:\/\/diarioregionaldigital.com.br\/index.php?rest_route=\/wp\/v2\/posts"}],"about":[{"href":"https:\/\/diarioregionaldigital.com.br\/index.php?rest_route=\/wp\/v2\/types\/post"}],"author":[{"embeddable":true,"href":"https:\/\/diarioregionaldigital.com.br\/index.php?rest_route=\/wp\/v2\/users\/96"}],"replies":[{"embeddable":true,"href":"https:\/\/diarioregionaldigital.com.br\/index.php?rest_route=%2Fwp%2Fv2%2Fcomments&post=90897"}],"version-history":[{"count":0,"href":"https:\/\/diarioregionaldigital.com.br\/index.php?rest_route=\/wp\/v2\/posts\/90897\/revisions"}],"wp:featuredmedia":[{"embeddable":true,"href":"https:\/\/diarioregionaldigital.com.br\/index.php?rest_route=\/wp\/v2\/media\/90896"}],"wp:attachment":[{"href":"https:\/\/diarioregionaldigital.com.br\/index.php?rest_route=%2Fwp%2Fv2%2Fmedia&parent=90897"}],"wp:term":[{"taxonomy":"category","embeddable":true,"href":"https:\/\/diarioregionaldigital.com.br\/index.php?rest_route=%2Fwp%2Fv2%2Fcategories&post=90897"},{"taxonomy":"post_tag","embeddable":true,"href":"https:\/\/diarioregionaldigital.com.br\/index.php?rest_route=%2Fwp%2Fv2%2Ftags&post=90897"}],"curies":[{"name":"wp","href":"https:\/\/api.w.org\/{rel}","templated":true}]}}