{"id":90895,"date":"2018-01-31T20:11:54","date_gmt":"2018-01-31T22:11:54","guid":{"rendered":"http:\/\/diarioregionaljf.com.br\/2018\/01\/31\/favela-kombat-27-evento-que-vai-do-rio-de-janeiro-para-juiz-de-fora-e-promete-revelar-grandes-talentos\/"},"modified":"2018-01-31T20:11:54","modified_gmt":"2018-01-31T22:11:54","slug":"favela-kombat-27-evento-que-vai-do-rio-de-janeiro-para-juiz-de-fora-e-promete-revelar-grandes-talentos","status":"publish","type":"post","link":"https:\/\/diarioregionaldigital.com.br\/?p=90895","title":{"rendered":"Favela Kombat 27:Evento promete revelar grandes talentos"},"content":{"rendered":"<p>O Favela Kombat, presidido por Claudinho \u2018FK\u2019, realizou desde sua primeira edi\u00e7\u00e3o, eventos no Estado do Rio de Janeiro, mas agora, logo no in\u00edcio de 2018, as coisas v\u00e3o mudar e para melhor, j\u00e1 que, no dia 03 de fevereiro, a organiza\u00e7\u00e3o desembarcar\u00e1 no munic\u00edpio de Juiz de Fora, no Estado de Minas Gerais, com sua 27\u00aa edi\u00e7\u00e3o, e a promessa \u00e9 de casa cheia para o grande show de artes marciais que ser\u00e1 realizado no Gin\u00e1sio do Clube Ol\u00edmpico.<\/p>\n<p>Na luta principal do Favela Kombat 27, Fabiano Oliveira vai encarar Guilherme \u2018Gamb\u00e1\u2019 na categoria dos pesos m\u00e9dios (at\u00e9 84 kg), enquanto, no co-main event, v\u00e1lido pela categoria at\u00e9 61 kg, Felipe \u2018Preto\u2019 enfrentar\u00e1 Ricardo Monteiro.<\/p>\n<p>Outro embate pode ser considerado destaques no card do Favela Kombat 27. \u00c9 o embate de MMA profissional entre Leonardo Ladeira (BCT\/Team Ladeira) e Robson Damazio (Nova Uni\u00e3o IJJ), essa luta promete. E os atletas est\u00e3o na reta final da prepara\u00e7\u00e3o para a pesagem na sexta-feira, 2: \u201cO Favela \u00e9 uma porta de entrada para o Jango Fight e UFC,\u201d comentou o atleta Leonardo.<\/p>\n<p>\u201cMMA \u00e9 o esporte que mais vem crescendo no mundo e esse evento maravilhosa que vem de outro estado, chega \u00e0 Juiz de Fora, para abrir realmente as portas para n\u00f3s atletas. \u00c9 muito bacana tamb\u00e9m para a popula\u00e7\u00e3o &nbsp;assistir um evento diferenciado, com card bem montado, atletas locais e de todas regi\u00f5es do brasil,\u201d contou o atleta. &nbsp;<\/p>\n<p>&nbsp;Claudinho \u2018FK\u2019, o organizador, que se mostra muito otimista para a realiza\u00e7\u00e3o do primeiro evento fora do Rio de Janeiro: \u201cEstou muito otimista e satisfeito com o que estamos realizando com o Favela Kombat 27. Logo de in\u00edcio, j\u00e1 vendemos mais de 1.000 ingressos, isso, faltando mais de 1 m\u00eas para o evento ser realizado, o que no Brasil, \u00e9 uma vit\u00f3ria muito grande. Esperamos mais de 3.000 pessoas no Gin\u00e1sio em Juiz de Fora e isso se deve ao trabalho s\u00e9rio e amor pelo que fazemos junto ao esporte, a porrada vai comer, disse Claudinho.<\/p>\n<p>Os Ingressos para o Favela Kombat 27 podem ser adquiridos no site Ticket Mais (<a href=\"https:\/\/ticketmais.com.br\/evento\/view\/23404\/favela-kombat-mma-ediao-27\">https:\/\/ticketmais.com.br\/evento\/view\/23404\/favela-kombat-mma-ediao-27<\/a>) e est\u00e3o custando R$35,00 reais para arquibancada e R$50,00 reais para \u00e1rea VIP.<\/p>\n<p><strong>&nbsp;<\/strong><\/p>\n<p><strong>Confira abaixo o card <strong>completo do Favela Kombat 27:<\/strong><\/strong><\/p>\n<p><strong><br \/> <\/strong><strong>MMA:<\/strong><strong><br \/> <\/strong>At\u00e9 84Kg: Fabiano Oliveira (Chakuriki\/GFTeam) vs Guilherme Gamba (Arvellos Pequeno Team)<br \/> At\u00e9 61Kg: Felipe Preto (Jason Team\/BCT) vs Ricardo Monteiro (Pro Fight)<br \/> At\u00e9 61Kg: Cristiano Nogueira (Arvellos Pequeno Team) vs Jorge Luiz (Iron Hant)<br \/> At\u00e9 66Kg: Marcio Henrique (CTJS) vs Elvis Carlos (Jason Team\/Inacio BJJ)<br \/> At\u00e9 57Kg: Lucas Pinduk (Iron hart) vs Daniel Siqueira (Master Fight Team)<br \/> At\u00e9 70Kg: Jonathan Santiago (CTJS) vs Rafael Encrenca (Uni\u00e3o IJJ)<br \/> At\u00e9 66Kg: Jonathan Cerqueira (BCT\/Arvellos) vs Jefferson Braga (Clube Fight Sports\/BFT)<br \/> At\u00e9 66Kg: Rafael Vieira Alves (Low King) vs Andr\u00e9 Nunes (Garra de A\u00e7o Team);<br \/> At\u00e9 52Kg: Chayen Gaspar (MFT) vs Carolina Oliveira (Pro Fight);<br \/> At\u00e9 61Kg: Mauro Leopoldo (Pro Fight) vs Lucas da Silva (Escorpion Fight Team)<br \/> At\u00e9 57Kg: Canote (Low King) vs Baiano (Bangu IJJ)<br \/> At\u00e9 70Kg: Leonardo Ladeira (BCT\/Team Ladeira) vs Robson Damazio (Nova Uni\u00e3o IJJ)<br \/> At\u00e9 77Kg: Delmar Silva (BCT) vs Mateus Raimundo (Garra de A\u00e7o Team\/WFT)<\/p>\n<p><strong>&nbsp;<\/strong><\/p>\n<p><strong>Muay Thai:<\/strong><br \/> At\u00e9 61Kg: Xaxa Cimas (BCT) vs. Maria MTF (Master Fight Team)<br \/> At\u00e9: 77Kg: Rodrigo Siqueira (WBTF) vs. Paulo Henrique Greg\u00f3rio (Galp\u00e3o da Luta)<br \/> At\u00e9 70Kg: Marcos Junior (Shark Team) vs. Arthur Silvestre (Top Fight Low King)<br \/> At\u00e9 75Kg: Fiona Chakuriki (Chakuriki) vs. Vit\u00f3ria Mello Pedrita (Davids Iron Fight)<\/p>\n","protected":false},"excerpt":{"rendered":"<p>O Favela Kombat, presidido por Claudinho \u2018FK\u2019, realizou desde sua primeira edi\u00e7\u00e3o, eventos no Estado do Rio de Janeiro, mas agora, logo no in\u00edcio de 2018, as coisas v\u00e3o mudar e para melhor, j\u00e1 que, no dia 03 de fevereiro, a organiza\u00e7\u00e3o desembarcar\u00e1 no munic\u00edpio de Juiz de Fora, no Estado de Minas Gerais, com [&hellip;]<\/p>\n","protected":false},"author":96,"featured_media":90894,"comment_status":"closed","ping_status":"closed","sticky":false,"template":"","format":"standard","meta":{"footnotes":""},"categories":[257],"tags":[],"class_list":["post-90895","post","type-post","status-publish","format-standard","has-post-thumbnail","hentry","category-esporte"],"_links":{"self":[{"href":"https:\/\/diarioregionaldigital.com.br\/index.php?rest_route=\/wp\/v2\/posts\/90895","targetHints":{"allow":["GET"]}}],"collection":[{"href":"https:\/\/diarioregionaldigital.com.br\/index.php?rest_route=\/wp\/v2\/posts"}],"about":[{"href":"https:\/\/diarioregionaldigital.com.br\/index.php?rest_route=\/wp\/v2\/types\/post"}],"author":[{"embeddable":true,"href":"https:\/\/diarioregionaldigital.com.br\/index.php?rest_route=\/wp\/v2\/users\/96"}],"replies":[{"embeddable":true,"href":"https:\/\/diarioregionaldigital.com.br\/index.php?rest_route=%2Fwp%2Fv2%2Fcomments&post=90895"}],"version-history":[{"count":0,"href":"https:\/\/diarioregionaldigital.com.br\/index.php?rest_route=\/wp\/v2\/posts\/90895\/revisions"}],"wp:featuredmedia":[{"embeddable":true,"href":"https:\/\/diarioregionaldigital.com.br\/index.php?rest_route=\/wp\/v2\/media\/90894"}],"wp:attachment":[{"href":"https:\/\/diarioregionaldigital.com.br\/index.php?rest_route=%2Fwp%2Fv2%2Fmedia&parent=90895"}],"wp:term":[{"taxonomy":"category","embeddable":true,"href":"https:\/\/diarioregionaldigital.com.br\/index.php?rest_route=%2Fwp%2Fv2%2Fcategories&post=90895"},{"taxonomy":"post_tag","embeddable":true,"href":"https:\/\/diarioregionaldigital.com.br\/index.php?rest_route=%2Fwp%2Fv2%2Ftags&post=90895"}],"curies":[{"name":"wp","href":"https:\/\/api.w.org\/{rel}","templated":true}]}}