{"id":90893,"date":"2018-01-31T20:08:24","date_gmt":"2018-01-31T22:08:24","guid":{"rendered":"http:\/\/diarioregionaljf.com.br\/2018\/01\/31\/juiz-forano-leo-santana-marca-seu-primeiro-gol-com-a-camisa-da-selecao-brasileira\/"},"modified":"2018-01-31T20:08:24","modified_gmt":"2018-01-31T22:08:24","slug":"juiz-forano-leo-santana-marca-seu-primeiro-gol-com-a-camisa-da-selecao-brasileira","status":"publish","type":"post","link":"https:\/\/diarioregionaldigital.com.br\/?p=90893","title":{"rendered":"Juiz-forano L\u00e9o Santana marca seu primeiro gol com a camisa da sele\u00e7\u00e3o brasileira"},"content":{"rendered":"<p>O Brasil iniciou na noite dessa ter\u00e7a-feira, 30, &nbsp;sua participa\u00e7\u00e3o no Grand Prix de futsal e derrotou o Uruguai por 10 a 1, a partida foi na Arena Brusque em Santa Catarina, local onde esta sendo realizada a competi\u00e7\u00e3o.<\/p>\n<p>Rumo ao d\u00e9cimo t\u00edtulo de Grand Prix o Brasil foi pra cima do Uruguai desde o inicio da partida, e ap\u00f3s passe do piv\u00f4 Ferr\u00e3o, Jackson Samurai abriu o placar de perna esquerda. Alguns minutos depois o craque Falc\u00e3o deixou o dele em chute de fora da \u00e1rea.<\/p>\n<p>Na segunda metade do primeiro tempo o jogo ficou equilibrado, mas mesmo assim ap\u00f3s rebote do goleiro do Uruguai o jogador juiz-forano L\u00e9o Santana estufou as redes marcando seu primeiro gol com a camisa da sele\u00e7\u00e3o. Por\u00e9m em cobran\u00e7a de falta em um chute forte a sele\u00e7\u00e3o uruguaia diminuiu o placar com o brasileiro naturalizado De Los Santos camisa 15, fechando o primeiro tempo 3 a 1 para o Brasil.<\/p>\n<p>No segundo tempo a sele\u00e7\u00e3o do Uruguai sentiu o ritmo de jogo e falta de entrosamento, pois com a desist\u00eancia da Col\u00f4mbia, o Uruguai foi chamado \u00e0s pressas para disputar a competi\u00e7\u00e3o. O Brasil que n\u00e3o teve nada com isso passeou na segunda etapa. Ferr\u00e3o ap\u00f3s giro em cima do marcador fez um gola\u00e7o, o quinto gol n\u00e3o demorou depois de troca de passes Daniel Japon\u00eas encheu o p\u00e9 esquerdo e correu pra torcida.<\/p>\n<p>O sexto, s\u00e9timo e o oitavo sa\u00edram dos p\u00e9s do jogador Dieguinho, os tr\u00eas na sequ\u00eancia, e em cobran\u00e7a de falta a bola sobrou para o Bruno anotar o nono gol brasileiro.<\/p>\n<p>Para fechar a goleada o craque Falc\u00e3o fez o d\u00e9cimo gol o seu segundo na partida e agora falta apenas sete gols para completar 400 gols com a camisa da sele\u00e7\u00e3o brasileira.<\/p>\n<p>A sele\u00e7\u00e3o brasileira enfrenta nesta quinta-feira, 1 de fevereiro, a B\u00e9lgica, \u00e0s 19h15, com transmiss\u00e3o pela TV.<\/p>\n","protected":false},"excerpt":{"rendered":"<p>O Brasil iniciou na noite dessa ter\u00e7a-feira, 30, &nbsp;sua participa\u00e7\u00e3o no Grand Prix de futsal e derrotou o Uruguai por 10 a 1, a partida foi na Arena Brusque em Santa Catarina, local onde esta sendo realizada a competi\u00e7\u00e3o. Rumo ao d\u00e9cimo t\u00edtulo de Grand Prix o Brasil foi pra cima do Uruguai desde o [&hellip;]<\/p>\n","protected":false},"author":96,"featured_media":90892,"comment_status":"closed","ping_status":"closed","sticky":false,"template":"","format":"standard","meta":{"footnotes":""},"categories":[257],"tags":[],"class_list":["post-90893","post","type-post","status-publish","format-standard","has-post-thumbnail","hentry","category-esporte"],"_links":{"self":[{"href":"https:\/\/diarioregionaldigital.com.br\/index.php?rest_route=\/wp\/v2\/posts\/90893","targetHints":{"allow":["GET"]}}],"collection":[{"href":"https:\/\/diarioregionaldigital.com.br\/index.php?rest_route=\/wp\/v2\/posts"}],"about":[{"href":"https:\/\/diarioregionaldigital.com.br\/index.php?rest_route=\/wp\/v2\/types\/post"}],"author":[{"embeddable":true,"href":"https:\/\/diarioregionaldigital.com.br\/index.php?rest_route=\/wp\/v2\/users\/96"}],"replies":[{"embeddable":true,"href":"https:\/\/diarioregionaldigital.com.br\/index.php?rest_route=%2Fwp%2Fv2%2Fcomments&post=90893"}],"version-history":[{"count":0,"href":"https:\/\/diarioregionaldigital.com.br\/index.php?rest_route=\/wp\/v2\/posts\/90893\/revisions"}],"wp:featuredmedia":[{"embeddable":true,"href":"https:\/\/diarioregionaldigital.com.br\/index.php?rest_route=\/wp\/v2\/media\/90892"}],"wp:attachment":[{"href":"https:\/\/diarioregionaldigital.com.br\/index.php?rest_route=%2Fwp%2Fv2%2Fmedia&parent=90893"}],"wp:term":[{"taxonomy":"category","embeddable":true,"href":"https:\/\/diarioregionaldigital.com.br\/index.php?rest_route=%2Fwp%2Fv2%2Fcategories&post=90893"},{"taxonomy":"post_tag","embeddable":true,"href":"https:\/\/diarioregionaldigital.com.br\/index.php?rest_route=%2Fwp%2Fv2%2Ftags&post=90893"}],"curies":[{"name":"wp","href":"https:\/\/api.w.org\/{rel}","templated":true}]}}