{"id":90889,"date":"2018-01-31T20:04:54","date_gmt":"2018-01-31T22:04:54","guid":{"rendered":"http:\/\/diarioregionaljf.com.br\/2018\/01\/31\/acidente-na-br-116-deixa-um-ferido-grave\/"},"modified":"2018-01-31T20:04:54","modified_gmt":"2018-01-31T22:04:54","slug":"acidente-na-br-116-deixa-um-ferido-grave","status":"publish","type":"post","link":"https:\/\/diarioregionaldigital.com.br\/?p=90889","title":{"rendered":"Acidente na BR-116 deixa um ferido grave"},"content":{"rendered":"<p>Uma pessoa ficou gravemente ferida em um acidente envolvendo um autom\u00f3vel de passeio e um caminh\u00e3o no per\u00edmetro urbano da BR-116, pr\u00f3ximo ao bairro Universit\u00e1rio, em Muria\u00e9 (a aproximadamente 158 Km de JF), no final da tarde desta quarta-feira, 31.<\/p>\n<p>O carro seguia em dire\u00e7\u00e3o a Muria\u00e9 e o caminh\u00e3o no sentido contr\u00e1rio. A princ\u00edpio os dois ve\u00edculos teriam se chocado de frente. N\u00e3o h\u00e1 informa\u00e7\u00f5es oficiais sobre o motivo da colis\u00e3o. Havia apenas um condutor em cada ve\u00edculo.<\/p>\n<p>O autom\u00f3vel de passeio ficou atravessado na pista e o motorista preso \u00e0s ferragens. Os militares do Corpo de Bombeiros de Muria\u00e9 utilizaram v\u00e1rios equipamentos para resgatar a v\u00edtima, com aux\u00edlio dos profissionais do SAMU.<\/p>\n<p>Ap\u00f3s ser retirado do ve\u00edculo, o motorista recebeu os primeiros socorros dentro da unidade do SAMU e em seguida foi encaminhado para o Hospital S\u00e3o Paulo. De acordo com o Corpo de Bombeiros, a v\u00edtima sofreu ferimentos aparentemente graves.<\/p>\n<p>O motorista do caminh\u00e3o escapou com les\u00f5es leves.<\/p>\n<p>O tr\u00e2nsito ficou parcialmente interditado e foi desviado para as pistas laterais de um trevo, pr\u00f3ximo ao local do acidente.<\/p>\n<p>A Pol\u00edcia Rodovi\u00e1ria Federal (PRF) foi acionada e ficar\u00e1 respons\u00e1vel pelo registro da ocorr\u00eancia. As causas do acidente ainda ser\u00e3o apuradas.<\/p>\n<p>&nbsp;<\/p>\n<p>Da reda\u00e7\u00e3o\/R\u00e1dio Muria\u00e9<\/p>\n","protected":false},"excerpt":{"rendered":"<p>Uma pessoa ficou gravemente ferida em um acidente envolvendo um autom\u00f3vel de passeio e um caminh\u00e3o no per\u00edmetro urbano da BR-116, pr\u00f3ximo ao bairro Universit\u00e1rio, em Muria\u00e9 (a aproximadamente 158 Km de JF), no final da tarde desta quarta-feira, 31. O carro seguia em dire\u00e7\u00e3o a Muria\u00e9 e o caminh\u00e3o no sentido contr\u00e1rio. A princ\u00edpio [&hellip;]<\/p>\n","protected":false},"author":96,"featured_media":90888,"comment_status":"closed","ping_status":"closed","sticky":false,"template":"","format":"standard","meta":{"footnotes":""},"categories":[252],"tags":[],"class_list":["post-90889","post","type-post","status-publish","format-standard","has-post-thumbnail","hentry","category-regiao"],"_links":{"self":[{"href":"https:\/\/diarioregionaldigital.com.br\/index.php?rest_route=\/wp\/v2\/posts\/90889","targetHints":{"allow":["GET"]}}],"collection":[{"href":"https:\/\/diarioregionaldigital.com.br\/index.php?rest_route=\/wp\/v2\/posts"}],"about":[{"href":"https:\/\/diarioregionaldigital.com.br\/index.php?rest_route=\/wp\/v2\/types\/post"}],"author":[{"embeddable":true,"href":"https:\/\/diarioregionaldigital.com.br\/index.php?rest_route=\/wp\/v2\/users\/96"}],"replies":[{"embeddable":true,"href":"https:\/\/diarioregionaldigital.com.br\/index.php?rest_route=%2Fwp%2Fv2%2Fcomments&post=90889"}],"version-history":[{"count":0,"href":"https:\/\/diarioregionaldigital.com.br\/index.php?rest_route=\/wp\/v2\/posts\/90889\/revisions"}],"wp:featuredmedia":[{"embeddable":true,"href":"https:\/\/diarioregionaldigital.com.br\/index.php?rest_route=\/wp\/v2\/media\/90888"}],"wp:attachment":[{"href":"https:\/\/diarioregionaldigital.com.br\/index.php?rest_route=%2Fwp%2Fv2%2Fmedia&parent=90889"}],"wp:term":[{"taxonomy":"category","embeddable":true,"href":"https:\/\/diarioregionaldigital.com.br\/index.php?rest_route=%2Fwp%2Fv2%2Fcategories&post=90889"},{"taxonomy":"post_tag","embeddable":true,"href":"https:\/\/diarioregionaldigital.com.br\/index.php?rest_route=%2Fwp%2Fv2%2Ftags&post=90889"}],"curies":[{"name":"wp","href":"https:\/\/api.w.org\/{rel}","templated":true}]}}