{"id":90887,"date":"2018-01-31T20:02:57","date_gmt":"2018-01-31T22:02:57","guid":{"rendered":"http:\/\/diarioregionaljf.com.br\/2018\/01\/31\/tupi-muda-data-de-jogo-com-patrocinense-para-sexta-feira-antes-do-carnaval\/"},"modified":"2018-01-31T20:02:57","modified_gmt":"2018-01-31T22:02:57","slug":"tupi-muda-data-de-jogo-com-patrocinense-para-sexta-feira-antes-do-carnaval","status":"publish","type":"post","link":"https:\/\/diarioregionaldigital.com.br\/?p=90887","title":{"rendered":"Tupi muda data de jogo com Patrocinense para sexta-feira antes do carnaval"},"content":{"rendered":"<p>O Tupi antecipou o jogo da sexta rodada do Campeonato Mineiro contra o Patrocinense. A partida que estava marcada para dia 10, \u00e0s 17h, s\u00e1bado de carnaval, passou para sexta-feira, dia 9, \u00e0s 20h. A informa\u00e7\u00e3o consta no site da Federa\u00e7\u00e3o Mineira de Futebol (FMF) e a altera\u00e7\u00e3o j\u00e1 foi processada na tabela.<\/p>\n<p>O clube promoveu a mudan\u00e7a com a expectativa de atrair mais p\u00fablico no Est\u00e1dio Municipal Radialista M\u00e1rio Hel\u00eanio, tendo em vista as festividades na regi\u00e3o a partir do s\u00e1bado. Antes, Tupi e CAP t\u00eam compromisso pela quinta rodada. O Alvinegro entra em campo neste domingo, \u00e0s 16h, contra o Villa Nova-MG em Nova Lima. No mesmo dia e hor\u00e1rio, a \u00c1guia recebe o Democrata GV em Patroc\u00ednio.<\/p>\n<p><strong>&nbsp;<\/strong><\/p>\n","protected":false},"excerpt":{"rendered":"<p>O Tupi antecipou o jogo da sexta rodada do Campeonato Mineiro contra o Patrocinense. A partida que estava marcada para dia 10, \u00e0s 17h, s\u00e1bado de carnaval, passou para sexta-feira, dia 9, \u00e0s 20h. A informa\u00e7\u00e3o consta no site da Federa\u00e7\u00e3o Mineira de Futebol (FMF) e a altera\u00e7\u00e3o j\u00e1 foi processada na tabela. O clube [&hellip;]<\/p>\n","protected":false},"author":96,"featured_media":90886,"comment_status":"closed","ping_status":"closed","sticky":false,"template":"","format":"standard","meta":{"footnotes":""},"categories":[257],"tags":[],"class_list":["post-90887","post","type-post","status-publish","format-standard","has-post-thumbnail","hentry","category-esporte"],"_links":{"self":[{"href":"https:\/\/diarioregionaldigital.com.br\/index.php?rest_route=\/wp\/v2\/posts\/90887","targetHints":{"allow":["GET"]}}],"collection":[{"href":"https:\/\/diarioregionaldigital.com.br\/index.php?rest_route=\/wp\/v2\/posts"}],"about":[{"href":"https:\/\/diarioregionaldigital.com.br\/index.php?rest_route=\/wp\/v2\/types\/post"}],"author":[{"embeddable":true,"href":"https:\/\/diarioregionaldigital.com.br\/index.php?rest_route=\/wp\/v2\/users\/96"}],"replies":[{"embeddable":true,"href":"https:\/\/diarioregionaldigital.com.br\/index.php?rest_route=%2Fwp%2Fv2%2Fcomments&post=90887"}],"version-history":[{"count":0,"href":"https:\/\/diarioregionaldigital.com.br\/index.php?rest_route=\/wp\/v2\/posts\/90887\/revisions"}],"wp:featuredmedia":[{"embeddable":true,"href":"https:\/\/diarioregionaldigital.com.br\/index.php?rest_route=\/wp\/v2\/media\/90886"}],"wp:attachment":[{"href":"https:\/\/diarioregionaldigital.com.br\/index.php?rest_route=%2Fwp%2Fv2%2Fmedia&parent=90887"}],"wp:term":[{"taxonomy":"category","embeddable":true,"href":"https:\/\/diarioregionaldigital.com.br\/index.php?rest_route=%2Fwp%2Fv2%2Fcategories&post=90887"},{"taxonomy":"post_tag","embeddable":true,"href":"https:\/\/diarioregionaldigital.com.br\/index.php?rest_route=%2Fwp%2Fv2%2Ftags&post=90887"}],"curies":[{"name":"wp","href":"https:\/\/api.w.org\/{rel}","templated":true}]}}