{"id":90885,"date":"2018-01-31T19:57:15","date_gmt":"2018-01-31T21:57:15","guid":{"rendered":"http:\/\/diarioregionaljf.com.br\/2018\/01\/31\/exames-dao-resultado-negativo-para-febre-amarela-em-muriae\/"},"modified":"2018-01-31T19:57:15","modified_gmt":"2018-01-31T21:57:15","slug":"exames-dao-resultado-negativo-para-febre-amarela-em-muriae","status":"publish","type":"post","link":"https:\/\/diarioregionaldigital.com.br\/?p=90885","title":{"rendered":"Exames d\u00e3o resultado negativo para febre amarela em Muria\u00e9"},"content":{"rendered":"<p>A febre amarela foi descartada como causa da interna\u00e7\u00e3o de dois pacientes que deram entrada no Hospital S\u00e3o Paulo, em Muria\u00e9 (a cerca de 158Km de JF) nos \u00faltimos dias. A informa\u00e7\u00e3o vem da Funda\u00e7\u00e3o Ezequiel Dias, laborat\u00f3rio de Belo Horizonte respons\u00e1vel pela an\u00e1lise do sangue coletado na semana passada, confirmando que os exames de ambos deram negativo para a doen\u00e7a.<\/p>\n<p>O resultado reitera a informa\u00e7\u00e3o emitida na \u00faltima quinta-feira, 25, pelo m\u00e9dico Daniel Licy, a respeito da morte da senhora de 79 anos que era uma das pessoas internadas sob suspeita de febre amarela. Na ocasi\u00e3o, o infectologista relatou que a paciente veio a \u00f3bito em consequ\u00eancia de uma icter\u00edcia obstrutiva &#8211; ou seja, de obstru\u00e7\u00e3o das vias de passagem da bile, o fluido que \u00e9 produzido pelo f\u00edgado e armazenado na ves\u00edcula. O problema tamb\u00e9m provoca amarelamento da pele, mas n\u00e3o tem, necessariamente, rela\u00e7\u00e3o com a doen\u00e7a causada pelos mosquitos Haemagogus e Aedes aegypti.<\/p>\n<p>&nbsp;<\/p>\n<p>Fonte: Assessoria\/Prefeitura de Muria\u00e9<\/p>\n","protected":false},"excerpt":{"rendered":"<p>A febre amarela foi descartada como causa da interna\u00e7\u00e3o de dois pacientes que deram entrada no Hospital S\u00e3o Paulo, em Muria\u00e9 (a cerca de 158Km de JF) nos \u00faltimos dias. A informa\u00e7\u00e3o vem da Funda\u00e7\u00e3o Ezequiel Dias, laborat\u00f3rio de Belo Horizonte respons\u00e1vel pela an\u00e1lise do sangue coletado na semana passada, confirmando que os exames de [&hellip;]<\/p>\n","protected":false},"author":96,"featured_media":90884,"comment_status":"closed","ping_status":"closed","sticky":false,"template":"","format":"standard","meta":{"footnotes":""},"categories":[252],"tags":[],"class_list":["post-90885","post","type-post","status-publish","format-standard","has-post-thumbnail","hentry","category-regiao"],"_links":{"self":[{"href":"https:\/\/diarioregionaldigital.com.br\/index.php?rest_route=\/wp\/v2\/posts\/90885","targetHints":{"allow":["GET"]}}],"collection":[{"href":"https:\/\/diarioregionaldigital.com.br\/index.php?rest_route=\/wp\/v2\/posts"}],"about":[{"href":"https:\/\/diarioregionaldigital.com.br\/index.php?rest_route=\/wp\/v2\/types\/post"}],"author":[{"embeddable":true,"href":"https:\/\/diarioregionaldigital.com.br\/index.php?rest_route=\/wp\/v2\/users\/96"}],"replies":[{"embeddable":true,"href":"https:\/\/diarioregionaldigital.com.br\/index.php?rest_route=%2Fwp%2Fv2%2Fcomments&post=90885"}],"version-history":[{"count":0,"href":"https:\/\/diarioregionaldigital.com.br\/index.php?rest_route=\/wp\/v2\/posts\/90885\/revisions"}],"wp:featuredmedia":[{"embeddable":true,"href":"https:\/\/diarioregionaldigital.com.br\/index.php?rest_route=\/wp\/v2\/media\/90884"}],"wp:attachment":[{"href":"https:\/\/diarioregionaldigital.com.br\/index.php?rest_route=%2Fwp%2Fv2%2Fmedia&parent=90885"}],"wp:term":[{"taxonomy":"category","embeddable":true,"href":"https:\/\/diarioregionaldigital.com.br\/index.php?rest_route=%2Fwp%2Fv2%2Fcategories&post=90885"},{"taxonomy":"post_tag","embeddable":true,"href":"https:\/\/diarioregionaldigital.com.br\/index.php?rest_route=%2Fwp%2Fv2%2Ftags&post=90885"}],"curies":[{"name":"wp","href":"https:\/\/api.w.org\/{rel}","templated":true}]}}