{"id":90882,"date":"2018-01-31T19:50:20","date_gmt":"2018-01-31T21:50:20","guid":{"rendered":"http:\/\/diarioregionaljf.com.br\/2018\/01\/31\/corpo-de-mulher-parcialmente-carbonizado-e-encontrado-na-mg-132\/"},"modified":"2018-01-31T19:50:20","modified_gmt":"2018-01-31T21:50:20","slug":"corpo-de-mulher-parcialmente-carbonizado-e-encontrado-na-mg-132","status":"publish","type":"post","link":"https:\/\/diarioregionaldigital.com.br\/?p=90882","title":{"rendered":"Corpo de mulher parcialmente carbonizado \u00e9 encontrado na MG-132"},"content":{"rendered":"<p>Foi encontrado por trabalhadores rurais na manh\u00e3 desta quarta-feira, 31, o corpo de uma mulher de cor clara, entre 20 e 30 anos de idade, parcialmente carbonizado, em uma estrada vicinal pr\u00f3ximo \u00e0 ponte do Z\u00e9 Guita, em Alto Rio Doce (a aproximadamente 155 Km de Juiz de Fora), na MG-132.<\/p>\n<p>A v\u00edtima apresentava uma perfura\u00e7\u00e3o na nuca, trajava cal\u00e7a jeans, blusa preta e sapato social de camur\u00e7a c\u00e1qui, salto na cor vermelha, com detalhes nas cores.<\/p>\n<p>A per\u00edcia compareceu ao local e removeu o Corpo para o IML de Barbacena, onde aguarda para ser identificado por familiares, j\u00e1 que n\u00e3o foram encontrados documentos e at\u00e9 o momento n\u00e3o se tem registro de pessoas desaparecidas na regi\u00e3o, desde a noite de ontem.<br \/>Qualquer informa\u00e7\u00e3o que possa auxiliar na identifica\u00e7\u00e3o pode ser passada pelo 190.<\/p>\n<p>&nbsp;<\/p>\n<p>Fonte: BarbacenaMais<\/p>\n","protected":false},"excerpt":{"rendered":"<p>Foi encontrado por trabalhadores rurais na manh\u00e3 desta quarta-feira, 31, o corpo de uma mulher de cor clara, entre 20 e 30 anos de idade, parcialmente carbonizado, em uma estrada vicinal pr\u00f3ximo \u00e0 ponte do Z\u00e9 Guita, em Alto Rio Doce (a aproximadamente 155 Km de Juiz de Fora), na MG-132. A v\u00edtima apresentava uma [&hellip;]<\/p>\n","protected":false},"author":96,"featured_media":90881,"comment_status":"closed","ping_status":"closed","sticky":false,"template":"","format":"standard","meta":{"footnotes":""},"categories":[252],"tags":[],"class_list":["post-90882","post","type-post","status-publish","format-standard","has-post-thumbnail","hentry","category-regiao"],"_links":{"self":[{"href":"https:\/\/diarioregionaldigital.com.br\/index.php?rest_route=\/wp\/v2\/posts\/90882","targetHints":{"allow":["GET"]}}],"collection":[{"href":"https:\/\/diarioregionaldigital.com.br\/index.php?rest_route=\/wp\/v2\/posts"}],"about":[{"href":"https:\/\/diarioregionaldigital.com.br\/index.php?rest_route=\/wp\/v2\/types\/post"}],"author":[{"embeddable":true,"href":"https:\/\/diarioregionaldigital.com.br\/index.php?rest_route=\/wp\/v2\/users\/96"}],"replies":[{"embeddable":true,"href":"https:\/\/diarioregionaldigital.com.br\/index.php?rest_route=%2Fwp%2Fv2%2Fcomments&post=90882"}],"version-history":[{"count":0,"href":"https:\/\/diarioregionaldigital.com.br\/index.php?rest_route=\/wp\/v2\/posts\/90882\/revisions"}],"wp:featuredmedia":[{"embeddable":true,"href":"https:\/\/diarioregionaldigital.com.br\/index.php?rest_route=\/wp\/v2\/media\/90881"}],"wp:attachment":[{"href":"https:\/\/diarioregionaldigital.com.br\/index.php?rest_route=%2Fwp%2Fv2%2Fmedia&parent=90882"}],"wp:term":[{"taxonomy":"category","embeddable":true,"href":"https:\/\/diarioregionaldigital.com.br\/index.php?rest_route=%2Fwp%2Fv2%2Fcategories&post=90882"},{"taxonomy":"post_tag","embeddable":true,"href":"https:\/\/diarioregionaldigital.com.br\/index.php?rest_route=%2Fwp%2Fv2%2Ftags&post=90882"}],"curies":[{"name":"wp","href":"https:\/\/api.w.org\/{rel}","templated":true}]}}