{"id":90880,"date":"2018-01-31T19:44:54","date_gmt":"2018-01-31T21:44:54","guid":{"rendered":"http:\/\/diarioregionaljf.com.br\/2018\/01\/31\/barbacena-confirma-mais-uma-morte-por-febre-amarela\/"},"modified":"2018-01-31T19:44:54","modified_gmt":"2018-01-31T21:44:54","slug":"barbacena-confirma-mais-uma-morte-por-febre-amarela","status":"publish","type":"post","link":"https:\/\/diarioregionaldigital.com.br\/?p=90880","title":{"rendered":"Barbacena confirma mais uma morte por febre amarela"},"content":{"rendered":"<p>Um homem de 57 anos, morador da cidade de Piranga, que morreu no \u00faltimo s\u00e1bado, 27, em Barbacena (a aproximadamente 110 Km de JF), foi diagnosticado com febre amarela. A confirma\u00e7\u00e3o foi feita pela Prefeitura de Barbacena na tarde desta quarta-feira, 31, sendo, ent\u00e3o, o segundo \u00f3bito registrado na cidade em decorr\u00eancia da doen\u00e7a.<\/p>\n<p>Al\u00e9m desses casos, outros dois pacientes, tamb\u00e9m de Piranga, est\u00e3o internados no Hospital Regional e tiveram a confirma\u00e7\u00e3o de febre amarela.<\/p>\n<p>O primeiro \u00f3bito pela doen\u00e7a foi confirmado nesta ter\u00e7a-feira, 30. O homem, de 42 anos, morreu no dia 25 de janeiro, na Santa Casa de Miseric\u00f3rdia. Outros casos de moradores de munic\u00edpios da regi\u00e3o e atendidos em Barbacena seguem em investiga\u00e7\u00e3o: um homem de 42 anos, de Senhora de Oliveira; e outro de 41 anos, de Ouro Branco. Todos eles morreram no Hospital Regional.<\/p>\n<p>Ainda de acordo com a Prefeitura, 13 pacientes seguem internados no Hospital Regional com quadro suspeito: quatro s\u00e3o de Piranga, tr\u00eas de Barbacena, e os demais s\u00e3o de Desterro do Melo, Cipot\u00e2nea, Ouro Branco, Itaverava, Conselheiro Lafaiete e Santana dos Montes.<\/p>\n<p>Amostras de todos os casos suspeitos foram enviadas para exames na Funda\u00e7\u00e3o Ezequiel Dias (Funed) e o laudo deve ser divulgado nos pr\u00f3ximos dias.<\/p>\n<p>&nbsp;<\/p>\n<p>Fonte: BarbacenaMais<\/p>\n","protected":false},"excerpt":{"rendered":"<p>Um homem de 57 anos, morador da cidade de Piranga, que morreu no \u00faltimo s\u00e1bado, 27, em Barbacena (a aproximadamente 110 Km de JF), foi diagnosticado com febre amarela. A confirma\u00e7\u00e3o foi feita pela Prefeitura de Barbacena na tarde desta quarta-feira, 31, sendo, ent\u00e3o, o segundo \u00f3bito registrado na cidade em decorr\u00eancia da doen\u00e7a. Al\u00e9m [&hellip;]<\/p>\n","protected":false},"author":96,"featured_media":90879,"comment_status":"closed","ping_status":"closed","sticky":false,"template":"","format":"standard","meta":{"footnotes":""},"categories":[252],"tags":[],"class_list":["post-90880","post","type-post","status-publish","format-standard","has-post-thumbnail","hentry","category-regiao"],"_links":{"self":[{"href":"https:\/\/diarioregionaldigital.com.br\/index.php?rest_route=\/wp\/v2\/posts\/90880","targetHints":{"allow":["GET"]}}],"collection":[{"href":"https:\/\/diarioregionaldigital.com.br\/index.php?rest_route=\/wp\/v2\/posts"}],"about":[{"href":"https:\/\/diarioregionaldigital.com.br\/index.php?rest_route=\/wp\/v2\/types\/post"}],"author":[{"embeddable":true,"href":"https:\/\/diarioregionaldigital.com.br\/index.php?rest_route=\/wp\/v2\/users\/96"}],"replies":[{"embeddable":true,"href":"https:\/\/diarioregionaldigital.com.br\/index.php?rest_route=%2Fwp%2Fv2%2Fcomments&post=90880"}],"version-history":[{"count":0,"href":"https:\/\/diarioregionaldigital.com.br\/index.php?rest_route=\/wp\/v2\/posts\/90880\/revisions"}],"wp:featuredmedia":[{"embeddable":true,"href":"https:\/\/diarioregionaldigital.com.br\/index.php?rest_route=\/wp\/v2\/media\/90879"}],"wp:attachment":[{"href":"https:\/\/diarioregionaldigital.com.br\/index.php?rest_route=%2Fwp%2Fv2%2Fmedia&parent=90880"}],"wp:term":[{"taxonomy":"category","embeddable":true,"href":"https:\/\/diarioregionaldigital.com.br\/index.php?rest_route=%2Fwp%2Fv2%2Fcategories&post=90880"},{"taxonomy":"post_tag","embeddable":true,"href":"https:\/\/diarioregionaldigital.com.br\/index.php?rest_route=%2Fwp%2Fv2%2Ftags&post=90880"}],"curies":[{"name":"wp","href":"https:\/\/api.w.org\/{rel}","templated":true}]}}