{"id":90877,"date":"2018-01-31T19:55:10","date_gmt":"2018-01-31T21:55:10","guid":{"rendered":"http:\/\/diarioregionaljf.com.br\/2018\/01\/31\/descoberto-01-02-18\/"},"modified":"2018-08-13T20:34:54","modified_gmt":"2018-08-13T23:34:54","slug":"descoberto-01-02-18","status":"publish","type":"post","link":"https:\/\/diarioregionaldigital.com.br\/?p=90877","title":{"rendered":"Descoberto 01\/02\/18"},"content":{"rendered":"<p style=\"text-align: center;\"><span class=\"h4\">EXTRATO DE CONTRATO<\/span><br \/>Pref. Municipal de Descoberto x Helio Correia de Oliveira Junior Eireli &#8211; Objeto: Contrata\u00e7\u00e3o da banda musical \u201cSamba a La Carte\u201d para realiza\u00e7\u00e3o do show art\u00edstico no dia 12 de fevereiro 2018, em pra\u00e7a p\u00fablica, nas festividades carnavalescas do munic\u00edpio de Descoberto\/MG- Fundamento: Inexigibilidade 002\/2018\u2013Valor Global: 9.000,00\u2013 Vig\u00eancia: 18 dias \u2013 Dot or\u00e7: 02.004.005.13.392.0015.2079.000094-339039\/100- Ass: 30\/01\/2018- Foro: S\u00e3o Jo\u00e3o Nepomuceno\/MG.<\/p>\n<p style=\"text-align: center;\">Marcos de Ara\u00fajo Lima<br \/>Prefeito Municipal<\/p>\n","protected":false},"excerpt":{"rendered":"<p>EXTRATO DE CONTRATOPref. Municipal de Descoberto x Helio Correia de Oliveira Junior Eireli &#8211; Objeto: Contrata\u00e7\u00e3o da banda musical \u201cSamba a La Carte\u201d para realiza\u00e7\u00e3o do show art\u00edstico no dia 12 de fevereiro 2018, em pra\u00e7a p\u00fablica, nas festividades carnavalescas do munic\u00edpio de Descoberto\/MG- Fundamento: Inexigibilidade 002\/2018\u2013Valor Global: 9.000,00\u2013 Vig\u00eancia: 18 dias \u2013 Dot or\u00e7: [&hellip;]<\/p>\n","protected":false},"author":96,"featured_media":0,"comment_status":"closed","ping_status":"closed","sticky":false,"template":"","format":"standard","meta":{"footnotes":""},"categories":[307],"tags":[],"class_list":["post-90877","post","type-post","status-publish","format-standard","hentry","category-editais"],"_links":{"self":[{"href":"https:\/\/diarioregionaldigital.com.br\/index.php?rest_route=\/wp\/v2\/posts\/90877","targetHints":{"allow":["GET"]}}],"collection":[{"href":"https:\/\/diarioregionaldigital.com.br\/index.php?rest_route=\/wp\/v2\/posts"}],"about":[{"href":"https:\/\/diarioregionaldigital.com.br\/index.php?rest_route=\/wp\/v2\/types\/post"}],"author":[{"embeddable":true,"href":"https:\/\/diarioregionaldigital.com.br\/index.php?rest_route=\/wp\/v2\/users\/96"}],"replies":[{"embeddable":true,"href":"https:\/\/diarioregionaldigital.com.br\/index.php?rest_route=%2Fwp%2Fv2%2Fcomments&post=90877"}],"version-history":[{"count":0,"href":"https:\/\/diarioregionaldigital.com.br\/index.php?rest_route=\/wp\/v2\/posts\/90877\/revisions"}],"wp:attachment":[{"href":"https:\/\/diarioregionaldigital.com.br\/index.php?rest_route=%2Fwp%2Fv2%2Fmedia&parent=90877"}],"wp:term":[{"taxonomy":"category","embeddable":true,"href":"https:\/\/diarioregionaldigital.com.br\/index.php?rest_route=%2Fwp%2Fv2%2Fcategories&post=90877"},{"taxonomy":"post_tag","embeddable":true,"href":"https:\/\/diarioregionaldigital.com.br\/index.php?rest_route=%2Fwp%2Fv2%2Ftags&post=90877"}],"curies":[{"name":"wp","href":"https:\/\/api.w.org\/{rel}","templated":true}]}}