{"id":90876,"date":"2018-01-31T19:38:42","date_gmt":"2018-01-31T21:38:42","guid":{"rendered":"http:\/\/diarioregionaljf.com.br\/2018\/01\/31\/cartorio-benfica-3\/"},"modified":"2018-08-13T20:34:55","modified_gmt":"2018-08-13T23:34:55","slug":"cartorio-benfica-3","status":"publish","type":"post","link":"https:\/\/diarioregionaldigital.com.br\/?p=90876","title":{"rendered":"Cart\u00f3rio Benfica 01\/02\/18"},"content":{"rendered":"<p>REP\u00daBLICA FEDERATIVA DO BRASIL ESTADO DE MINAS GERAIS<\/p>\n<p>Cart\u00f3rio de Registro Civil 3\u00ba Subdistrito &#8211; Juiz de Fora MG<br \/>Oficial Titular: Mariana Sad Albuquerque e Castro<\/p>\n<p>Rua Tom\u00e9 de Souza, 49 &#8211; Lj 03 Benfica<br \/>36090270 &#8211; Juiz de Fora &#8211; MG<\/p>\n<p>Faz saber que pretendem casar-se:<\/p>\n<p>01 &#8211; ANTONIO MARCOS DE SOUZA, resid\u00eancia Rua da Esta\u00e7\u00e3o, n\u00ba79, Igrejinha, Juiz de Fora-MG; e THAYLA KEROLLY SILVA REIS, resid\u00eancia Rua da Esta\u00e7\u00e3o, n\u00ba16, Igrejinha, Juiz de Fora-MG;<\/p>\n<p>02 &#8211; DARLLAN FERNANDES DE OLIVEIRA, resid\u00eancia Rua Cust\u00f3dio Lopes de Mattos, 443, Benfica, Juiz de Fora-MG; e JULIANA ALVES DA FONSECA, resid\u00eancia Rua Salvador Del Duca, 438, Nova Era, Juiz de Fora-MG;<\/p>\n<p>03 &#8211; FABIANO FERNANDES FERREIRA DE FARIA, resid\u00eancia Rua Martins Barbosa, 900\/L\/404, Benfica, Juiz de Fora-MG; e LUANA DE AQUINO GOMES, resid\u00eancia Rua Martins Barbosa, 900\/L\/404, Benfica, Juiz de Fora-MG;<\/p>\n<p>04 &#8211; FABIO DE SOUZA CANTARINO, resid\u00eancia Rua Doutor Alvaro da Silveira, n\u00ba203, Ara\u00fajo, Juiz de Fora-MG; e BEATRIZ COSSO NASCIMENTO, resid\u00eancia Rua Doutor Alvaro da Silveira, n\u00ba203, Ara\u00fajo, Juiz de Fora-MG;<\/p>\n<p>05 &#8211; GERALDO ROATTI, resid\u00eancia Rua Sebasti\u00e3o Martins Barbosa, 07, Jardim Cachoeira, Juiz de Fora-MG; e ADINEIA APARECIDA DE ALMEIDA, resid\u00eancia Rua Sebasti\u00e3o Martins Barbosa, 07, Jardim Cachoeira, Juiz de Fora-MG;<\/p>\n<p>06 &#8211; TIAGO EUST\u00c1QUIO CONCOLATO SILVA, resid\u00eancia Rua Custodio Rezende Bastos, n\u00ba88, Jardim dos Alfineiros, Juiz de Fora-MG; e LUCELENA GOMES DA SILVA, resid\u00eancia Rua Custodio Rezende Bastos, n\u00ba88, Jardim dos Alfineiros, Juiz de Fora-MG;<\/p>\n<p>07 &#8211; VICENTE DE PAULO MODESTO DE OLIVEIRA, resid\u00eancia Rua Geraldo Pessoa de Aquino, 24, J\u00f3quei Clube III, Juiz de Fora-MG; e CLEUSA APARECIDA RIBEIRO, resid\u00eancia Rua Geraldo Pessoa de Aquino, 24, J\u00f3quei Clube III, Juiz de Fora-MG.<\/p>\n<p>Os contraentes apresentaram os documentos exigidos pelo art.1525 do C\u00f3digo Civil Brasileiro. Se algu\u00e9m souber de algum impedimento, que os impe\u00e7am de se casar, que o fa\u00e7a na forma da Lei:<\/p>\n<p>Juiz de Fora , 31\/01\/2018<\/p>\n<p>MARIANA SAD ALBUQUERQUE E CASTRO<br \/>Oficial do Registro Civil<br \/>Cartosoft &#8211; Automa\u00e7\u00e3o de Cart\u00f3rios do Registro Civil www.cartosoft.com.br<\/p>\n","protected":false},"excerpt":{"rendered":"<p>REP\u00daBLICA FEDERATIVA DO BRASIL ESTADO DE MINAS GERAIS Cart\u00f3rio de Registro Civil 3\u00ba Subdistrito &#8211; Juiz de Fora MGOficial Titular: Mariana Sad Albuquerque e Castro Rua Tom\u00e9 de Souza, 49 &#8211; Lj 03 Benfica36090270 &#8211; Juiz de Fora &#8211; MG Faz saber que pretendem casar-se: 01 &#8211; ANTONIO MARCOS DE SOUZA, resid\u00eancia Rua da Esta\u00e7\u00e3o, [&hellip;]<\/p>\n","protected":false},"author":96,"featured_media":0,"comment_status":"closed","ping_status":"closed","sticky":false,"template":"","format":"standard","meta":{"footnotes":""},"categories":[307],"tags":[],"class_list":["post-90876","post","type-post","status-publish","format-standard","hentry","category-editais"],"_links":{"self":[{"href":"https:\/\/diarioregionaldigital.com.br\/index.php?rest_route=\/wp\/v2\/posts\/90876","targetHints":{"allow":["GET"]}}],"collection":[{"href":"https:\/\/diarioregionaldigital.com.br\/index.php?rest_route=\/wp\/v2\/posts"}],"about":[{"href":"https:\/\/diarioregionaldigital.com.br\/index.php?rest_route=\/wp\/v2\/types\/post"}],"author":[{"embeddable":true,"href":"https:\/\/diarioregionaldigital.com.br\/index.php?rest_route=\/wp\/v2\/users\/96"}],"replies":[{"embeddable":true,"href":"https:\/\/diarioregionaldigital.com.br\/index.php?rest_route=%2Fwp%2Fv2%2Fcomments&post=90876"}],"version-history":[{"count":0,"href":"https:\/\/diarioregionaldigital.com.br\/index.php?rest_route=\/wp\/v2\/posts\/90876\/revisions"}],"wp:attachment":[{"href":"https:\/\/diarioregionaldigital.com.br\/index.php?rest_route=%2Fwp%2Fv2%2Fmedia&parent=90876"}],"wp:term":[{"taxonomy":"category","embeddable":true,"href":"https:\/\/diarioregionaldigital.com.br\/index.php?rest_route=%2Fwp%2Fv2%2Fcategories&post=90876"},{"taxonomy":"post_tag","embeddable":true,"href":"https:\/\/diarioregionaldigital.com.br\/index.php?rest_route=%2Fwp%2Fv2%2Ftags&post=90876"}],"curies":[{"name":"wp","href":"https:\/\/api.w.org\/{rel}","templated":true}]}}