{"id":90874,"date":"2018-01-31T19:35:24","date_gmt":"2018-01-31T21:35:24","guid":{"rendered":"http:\/\/diarioregionaljf.com.br\/2018\/01\/31\/settra-da-dicas-para-seguranca-no-transito-no-periodo-de-volta-as-aulas\/"},"modified":"2018-01-31T19:35:24","modified_gmt":"2018-01-31T21:35:24","slug":"settra-da-dicas-para-seguranca-no-transito-no-periodo-de-volta-as-aulas","status":"publish","type":"post","link":"https:\/\/diarioregionaldigital.com.br\/?p=90874","title":{"rendered":"Settra d\u00e1 dicas para seguran\u00e7a no tr\u00e2nsito no per\u00edodo de volta \u00e0s aulas"},"content":{"rendered":"<p>Para muitas escolas da cidade, nesta quinta-feira, 1\u00b0, tem in\u00edcio o ano letivo. Para garantir a seguran\u00e7a de todos, a Secretaria de Transporte e Tr\u00e2nsito (Settra) da Prefeitura de Juiz de Fora (PJF) refor\u00e7a os cuidados que devem ser tomados, principalmente no entorno das escolas. Tamb\u00e9m ser\u00e1 feita uma campanha de conscientiza\u00e7\u00e3o nos estabelecimentos de ensino.<\/p>\n<p>Neste retorno, os agentes do Departamento de Fiscaliza\u00e7\u00e3o de Transporte e Tr\u00e2nsito (DFTT) da Settra ir\u00e3o monitorar o tr\u00e2nsito nos principais corredores, inclusive com o aux\u00edlio das c\u00e2meras do Centro de Controle e Monitoramento (CCM). Al\u00e9m de intensificar a atua\u00e7\u00e3o no entorno de alguns col\u00e9gios, onde s\u00e3o observadas situa\u00e7\u00f5es mais criticas.<\/p>\n<p>Com estas a\u00e7\u00f5es a pasta pretende dar mais seguran\u00e7a a volta dos estudantes \u00e0 rotina. Al\u00e9m de minimizar os impactos, j\u00e1 que o n\u00famero de ve\u00edculos circulando tende \u00e0 aumentar, e ainda engajar a sociedade nas tem\u00e1ticas de educa\u00e7\u00e3o no tr\u00e2nsito.<\/p>\n<p>A Supervis\u00e3o de Educa\u00e7\u00e3o para o Tr\u00e2nsito da Settra utilizar\u00e1 o meio digital para realizar a &#8220;Opera\u00e7\u00e3o Volta \u00e0s Aulas&#8221;. Ser\u00e3o encaminhados e-mails \u00e0s escolas com material did\u00e1tico contendo dicas de comportamento, visando \u00e0 preven\u00e7\u00e3o de acidentes e \u00e0 diminui\u00e7\u00e3o dos conflitos. A parceria pretende formar uma rede de dissemina\u00e7\u00e3o da ideia de corresponsabilidade.<\/p>\n<p>No entanto, qualquer pessoa ou institui\u00e7\u00e3o que tiver interesse em receber o material pode entrar em contato com a Settra atrav\u00e9s 3690-8235 ou <a href=\"mailto:educatrans@pjf.mg.gov.br\">educatrans@pjf.mg.gov.br<\/a>.<\/p>\n<p>&nbsp;<\/p>\n<h4>DICAS<\/h4>\n<p>Pais, alunos e motoristas devem ficar atentos a algumas dicas fundamentais para a integridade de todos no tr\u00e2nsito. O transporte de crian\u00e7as de at\u00e9 dez anos s\u00f3 deve ser feito no banco de tr\u00e1s do ve\u00edculo, sempre com cinto de seguran\u00e7a ou assentos espec\u00edficos, de acordo com a idade. Para evitar a obstru\u00e7\u00e3o de ve\u00edculos, \u00e9 importante n\u00e3o parar em fila dupla. Pr\u00f3ximo a escolas e locais com mais movimenta\u00e7\u00e3o de pedestres os motoristas devem ficar mais atentos e diminuir a velocidade. Todos os atores do tr\u00e2nsito devem respeitar a sinaliza\u00e7\u00e3o, al\u00e9m de fazer travessias nas faixas de seguran\u00e7a. Al\u00e9m disso, para evitar acidentes e multas, condutores n\u00e3o podem utilizar celular ao dirigir.<\/p>\n<p>Essas medidas, al\u00e9m de assegurar melhor conviv\u00eancia e seguran\u00e7a no tr\u00e2nsito, evitam infra\u00e7\u00f5es que podem doer no bolso. Avan\u00e7o de sinal \u00e9 considerado uma infra\u00e7\u00e3o grav\u00edssima, podendo gerar multa de R$293,47, al\u00e9m de sete pontos na carteira, da mesma forma que o transporte de crian\u00e7as em desacordo com as normas de seguran\u00e7a. Estacionamento sobre cal\u00e7ada, parar em fila dupla e o n\u00e3o uso do cinto de seguran\u00e7a s\u00e3o consideradas infra\u00e7\u00f5es graves, com multa de R$195,23 e menos cinco pontos na carteira. J\u00e1 infra\u00e7\u00f5es como dirigir falando ao celular, estacionamento em local proibido e fechar cruzamento s\u00e3o consideradas de n\u00edvel m\u00e9dio, resultando em multa de R$130,16 e quatro pontos.<\/p>\n<p>&nbsp;<\/p>\n<h4>TRANSPORTE ESCOLAR REGULAR<\/h4>\n<p>Os pais ou respons\u00e1veis interessados em contratar um transporte escolar regularizado podem acessar o Portal da PJF no <a href=\"https:\/\/www.pjf.mg.gov.br\/secretarias\/settra\/servicos\/transporte_escolar\/index.php\" target=\"_blank\" rel=\"noopener noreferrer\">link<\/a> para conferir as vans aptas a realizar o servi\u00e7o.<\/p>\n<p>&nbsp;<\/p>\n<p>Fonte: Assessoria<\/p>\n","protected":false},"excerpt":{"rendered":"<p>Para muitas escolas da cidade, nesta quinta-feira, 1\u00b0, tem in\u00edcio o ano letivo. Para garantir a seguran\u00e7a de todos, a Secretaria de Transporte e Tr\u00e2nsito (Settra) da Prefeitura de Juiz de Fora (PJF) refor\u00e7a os cuidados que devem ser tomados, principalmente no entorno das escolas. Tamb\u00e9m ser\u00e1 feita uma campanha de conscientiza\u00e7\u00e3o nos estabelecimentos de [&hellip;]<\/p>\n","protected":false},"author":96,"featured_media":90873,"comment_status":"closed","ping_status":"closed","sticky":false,"template":"","format":"standard","meta":{"footnotes":""},"categories":[253],"tags":[],"class_list":["post-90874","post","type-post","status-publish","format-standard","has-post-thumbnail","hentry","category-cidade"],"_links":{"self":[{"href":"https:\/\/diarioregionaldigital.com.br\/index.php?rest_route=\/wp\/v2\/posts\/90874","targetHints":{"allow":["GET"]}}],"collection":[{"href":"https:\/\/diarioregionaldigital.com.br\/index.php?rest_route=\/wp\/v2\/posts"}],"about":[{"href":"https:\/\/diarioregionaldigital.com.br\/index.php?rest_route=\/wp\/v2\/types\/post"}],"author":[{"embeddable":true,"href":"https:\/\/diarioregionaldigital.com.br\/index.php?rest_route=\/wp\/v2\/users\/96"}],"replies":[{"embeddable":true,"href":"https:\/\/diarioregionaldigital.com.br\/index.php?rest_route=%2Fwp%2Fv2%2Fcomments&post=90874"}],"version-history":[{"count":0,"href":"https:\/\/diarioregionaldigital.com.br\/index.php?rest_route=\/wp\/v2\/posts\/90874\/revisions"}],"wp:featuredmedia":[{"embeddable":true,"href":"https:\/\/diarioregionaldigital.com.br\/index.php?rest_route=\/wp\/v2\/media\/90873"}],"wp:attachment":[{"href":"https:\/\/diarioregionaldigital.com.br\/index.php?rest_route=%2Fwp%2Fv2%2Fmedia&parent=90874"}],"wp:term":[{"taxonomy":"category","embeddable":true,"href":"https:\/\/diarioregionaldigital.com.br\/index.php?rest_route=%2Fwp%2Fv2%2Fcategories&post=90874"},{"taxonomy":"post_tag","embeddable":true,"href":"https:\/\/diarioregionaldigital.com.br\/index.php?rest_route=%2Fwp%2Fv2%2Ftags&post=90874"}],"curies":[{"name":"wp","href":"https:\/\/api.w.org\/{rel}","templated":true}]}}