{"id":90872,"date":"2018-01-31T19:32:59","date_gmt":"2018-01-31T21:32:59","guid":{"rendered":"http:\/\/diarioregionaljf.com.br\/2018\/01\/31\/charme\/"},"modified":"2018-01-31T19:32:59","modified_gmt":"2018-01-31T21:32:59","slug":"charme","status":"publish","type":"post","link":"https:\/\/diarioregionaldigital.com.br\/?p=90872","title":{"rendered":"Charme"},"content":{"rendered":"<p style=\"text-align: center;\"><span class=\"h4\">Qualidade de Vida<\/span><br \/>Os empres\u00e1rios Eduardo dos Santos e R\u00f4mulo Guerra Carmo, s\u00e3o alguns dos homens maduros que est\u00e3o praticando Squash, na AABB\/. Esporte ainda pouco conhecido e praticado no Brasil, o esporte exige agilidade, reflexo, resist\u00eancia aer\u00f3bica e alto gastocal\u00f3rico. Juiz de Fora possui apenas duas quadras para a pr\u00e1tica.<\/p>\n<p style=\"text-align: center;\"><span class=\"h4\">Samba no P\u00e9<\/span><br \/>S\u00e3o Pedro n\u00e3o colaborou e a programa\u00e7\u00e3o de abertura do Carnaval de Juiz de Fora foi com chuva forte. A apresenta\u00e7\u00e3o do Bloco Escadaria do Samba, que reuniu sambistas e pagodeiros reconhecidos da cidade, tiveram que se apresentar, no sagu\u00e3o do Legislativo, por causa da chuva. Foi animad\u00edssimo.<\/p>\n<p style=\"text-align: center;\"><span class=\"h4\">Baile Chique<\/span><br \/>Em ritmo de alala\u00f4, o Baile da Banda Daki ter\u00e1 como palco novamente o Univershow. Agendado para 08 de fevereiro, \u00e0s 22h, o baile re\u00fane muitos foli\u00f5es famosos de Juiz de Fora e tem no General da Banda Z\u00e9 Kodak como grande anfitri\u00e3o. Cobertura total deste colunista.<\/p>\n<p style=\"text-align: center;\"><span class=\"h4\">Charme<\/span><br \/>Existe uma vida magn\u00edfica na moda carioca que vai muito al\u00e9m das butiques de Ipanema e da Barra. \u00c9 o que revela em seu novo e espetacular livro a jornalista M\u00e1rcia Disttizer. Em seu p\u00e9riplo pelas comunidades do Rio de Janeiro, ela se descobriu numa revela\u00e7\u00e3o cultural e interna. Li e gostei.<\/p>\n<p style=\"text-align: center;\"><span class=\"h4\">Eu Disse Berenice<\/span><br \/>Os discursos da maioria dos nossos pol\u00edticos n\u00e3o tem m\u00e9todo. Ou usam a demagogia, ou inventam um desafio para lidar com as emo\u00e7\u00f5es do eleitor, no crit\u00e9rio promessa. Ningu\u00e9m merece!<\/p>\n<p style=\"text-align: center;\"><img decoding=\"async\" class=\" size-full wp-image-90862\" src=\"http:\/\/diarioregionaljf.com.br\/wp-content\/uploads\/2018\/01\/diario-int-23685-1.jpg\" alt=\"fotoaa.jpg\" width=\"680\" style=\"display: block; margin-left: auto; margin-right: auto;\" srcset=\"https:\/\/diarioregionaldigital.com.br\/wp-content\/uploads\/2018\/01\/diario-int-23685-1.jpg 680w, https:\/\/diarioregionaldigital.com.br\/wp-content\/uploads\/2018\/01\/diario-int-23685-1-300x199.jpg 300w, https:\/\/diarioregionaldigital.com.br\/wp-content\/uploads\/2018\/01\/diario-int-23685-1-360x238.jpg 360w\" sizes=\"(max-width: 680px) 100vw, 680px\" \/>Em seu \u201c Dia D\u201d, na Igreja S\u00e3o Jos\u00e9, o lindo casal L\u00e9o Miroudo e Gaby Dumila<\/p>\n<p style=\"text-align: center;\"><img decoding=\"async\" class=\" size-full wp-image-90863\" src=\"http:\/\/diarioregionaljf.com.br\/wp-content\/uploads\/2018\/01\/diario-int-23685-2.jpg\" alt=\"fotob.jpg\" width=\"680\" style=\"display: block; margin-left: auto; margin-right: auto;\" srcset=\"https:\/\/diarioregionaldigital.com.br\/wp-content\/uploads\/2018\/01\/diario-int-23685-2.jpg 680w, https:\/\/diarioregionaldigital.com.br\/wp-content\/uploads\/2018\/01\/diario-int-23685-2-266x300.jpg 266w, https:\/\/diarioregionaldigital.com.br\/wp-content\/uploads\/2018\/01\/diario-int-23685-2-360x407.jpg 360w\" sizes=\"(max-width: 680px) 100vw, 680px\" \/>Ieda Ciampi comemorou o anivers\u00e1rio de Carlos Henrique Leal Teixeira (90 anos), na Assunta<\/p>\n<p style=\"text-align: center;\"><img decoding=\"async\" class=\" size-full wp-image-90864\" src=\"http:\/\/diarioregionaljf.com.br\/wp-content\/uploads\/2018\/01\/diario-int-23685-3.jpg\" alt=\"fotobb.jpg\" width=\"680\" style=\"display: block; margin-left: auto; margin-right: auto;\" srcset=\"https:\/\/diarioregionaldigital.com.br\/wp-content\/uploads\/2018\/01\/diario-int-23685-3.jpg 680w, https:\/\/diarioregionaldigital.com.br\/wp-content\/uploads\/2018\/01\/diario-int-23685-3-300x243.jpg 300w, https:\/\/diarioregionaldigital.com.br\/wp-content\/uploads\/2018\/01\/diario-int-23685-3-360x291.jpg 360w\" sizes=\"(max-width: 680px) 100vw, 680px\" \/>Renato Preste e Soraya Okano Preste (aniversariando) posaram para esta coluna<\/p>\n<p style=\"text-align: center;\"><img decoding=\"async\" class=\" size-full wp-image-90865\" src=\"http:\/\/diarioregionaljf.com.br\/wp-content\/uploads\/2018\/01\/diario-int-23685-4.jpg\" alt=\"fotoc.jpg\" width=\"680\" style=\"display: block; margin-left: auto; margin-right: auto;\" srcset=\"https:\/\/diarioregionaldigital.com.br\/wp-content\/uploads\/2018\/01\/diario-int-23685-4.jpg 680w, https:\/\/diarioregionaldigital.com.br\/wp-content\/uploads\/2018\/01\/diario-int-23685-4-300x169.jpg 300w, https:\/\/diarioregionaldigital.com.br\/wp-content\/uploads\/2018\/01\/diario-int-23685-4-360x202.jpg 360w\" sizes=\"(max-width: 680px) 100vw, 680px\" \/>Curtindo o ver\u00e3o no Bar Caminho da Ro\u00e7a, Marlon Morais, Leonardo Zanetti, Renan e Beto Souza<\/p>\n<p style=\"text-align: center;\"><img decoding=\"async\" class=\" size-full wp-image-90866\" src=\"http:\/\/diarioregionaljf.com.br\/wp-content\/uploads\/2018\/01\/diario-int-23685-5.jpg\" alt=\"fotocc.jpg\" width=\"680\" style=\"display: block; margin-left: auto; margin-right: auto;\" srcset=\"https:\/\/diarioregionaldigital.com.br\/wp-content\/uploads\/2018\/01\/diario-int-23685-5.jpg 680w, https:\/\/diarioregionaldigital.com.br\/wp-content\/uploads\/2018\/01\/diario-int-23685-5-300x199.jpg 300w, https:\/\/diarioregionaldigital.com.br\/wp-content\/uploads\/2018\/01\/diario-int-23685-5-360x238.jpg 360w\" sizes=\"(max-width: 680px) 100vw, 680px\" \/>Grace Vignate e Baby Mancini, na S\u00e3o Clemente Rio, no Gran Slam Gay<\/p>\n<p style=\"text-align: center;\"><img decoding=\"async\" class=\" size-full wp-image-90867\" src=\"http:\/\/diarioregionaljf.com.br\/wp-content\/uploads\/2018\/01\/diario-int-23685-6.jpg\" alt=\"fotod.jpg\" width=\"680\" style=\"display: block; margin-left: auto; margin-right: auto;\" srcset=\"https:\/\/diarioregionaldigital.com.br\/wp-content\/uploads\/2018\/01\/diario-int-23685-6.jpg 680w, https:\/\/diarioregionaldigital.com.br\/wp-content\/uploads\/2018\/01\/diario-int-23685-6-266x300.jpg 266w, https:\/\/diarioregionaldigital.com.br\/wp-content\/uploads\/2018\/01\/diario-int-23685-6-360x407.jpg 360w\" sizes=\"(max-width: 680px) 100vw, 680px\" \/>Na Barra da Tijuca (Rio), o fashionista Higor Ferreira, curte o ver\u00e3o<\/p>\n<p style=\"text-align: center;\"><img decoding=\"async\" class=\" size-full wp-image-90868\" src=\"http:\/\/diarioregionaljf.com.br\/wp-content\/uploads\/2018\/01\/diario-int-23685-7.jpg\" alt=\"fotoe.jpg\" width=\"680\" style=\"display: block; margin-left: auto; margin-right: auto;\" srcset=\"https:\/\/diarioregionaldigital.com.br\/wp-content\/uploads\/2018\/01\/diario-int-23685-7.jpg 680w, https:\/\/diarioregionaldigital.com.br\/wp-content\/uploads\/2018\/01\/diario-int-23685-7-300x199.jpg 300w, https:\/\/diarioregionaldigital.com.br\/wp-content\/uploads\/2018\/01\/diario-int-23685-7-360x238.jpg 360w\" sizes=\"(max-width: 680px) 100vw, 680px\" \/>Lindas e maravilhosas no carnaval da Casinha 649, Ana Paula Calixto e Ingrid Og Duayer<\/p>\n<p style=\"text-align: center;\"><img decoding=\"async\" class=\" size-full wp-image-90869\" src=\"http:\/\/diarioregionaljf.com.br\/wp-content\/uploads\/2018\/01\/diario-int-23685-8.jpg\" alt=\"fotof.jpg\" width=\"680\" style=\"display: block; margin-left: auto; margin-right: auto;\" srcset=\"https:\/\/diarioregionaldigital.com.br\/wp-content\/uploads\/2018\/01\/diario-int-23685-8.jpg 680w, https:\/\/diarioregionaldigital.com.br\/wp-content\/uploads\/2018\/01\/diario-int-23685-8-300x199.jpg 300w, https:\/\/diarioregionaldigital.com.br\/wp-content\/uploads\/2018\/01\/diario-int-23685-8-360x238.jpg 360w\" sizes=\"(max-width: 680px) 100vw, 680px\" \/>Formando lindo casal em tarde de ver\u00e3o, Gustavo Santos e Ang\u00e9lica Franck<\/p>\n<p style=\"text-align: center;\"><img decoding=\"async\" class=\" size-full wp-image-90870\" src=\"http:\/\/diarioregionaljf.com.br\/wp-content\/uploads\/2018\/01\/diario-int-23685-9.jpg\" alt=\"fotog.jpg\" width=\"680\" style=\"display: block; margin-left: auto; margin-right: auto;\" srcset=\"https:\/\/diarioregionaldigital.com.br\/wp-content\/uploads\/2018\/01\/diario-int-23685-9.jpg 680w, https:\/\/diarioregionaldigital.com.br\/wp-content\/uploads\/2018\/01\/diario-int-23685-9-300x199.jpg 300w, https:\/\/diarioregionaldigital.com.br\/wp-content\/uploads\/2018\/01\/diario-int-23685-9-360x238.jpg 360w\" sizes=\"(max-width: 680px) 100vw, 680px\" \/>Explodindo cora\u00e7\u00f5es no Me Degusta, Joana Almeida e Lucas Adiemla<\/p>\n<p style=\"text-align: center;\"><img decoding=\"async\" class=\" size-full wp-image-90871\" src=\"http:\/\/diarioregionaljf.com.br\/wp-content\/uploads\/2018\/01\/diario-int-23685-10.jpg\" alt=\"fotoh.jpg\" width=\"680\" style=\"display: block; margin-left: auto; margin-right: auto;\" srcset=\"https:\/\/diarioregionaldigital.com.br\/wp-content\/uploads\/2018\/01\/diario-int-23685-10.jpg 680w, https:\/\/diarioregionaldigital.com.br\/wp-content\/uploads\/2018\/01\/diario-int-23685-10-300x199.jpg 300w, https:\/\/diarioregionaldigital.com.br\/wp-content\/uploads\/2018\/01\/diario-int-23685-10-360x238.jpg 360w\" sizes=\"(max-width: 680px) 100vw, 680px\" \/>Bonit\u00f5es fazendo pit-stop, no Euphoria Bar e Restaurante (Rio), com Leonardo Frossard e Daniel F\u00e9lix<\/p>\n<p class=\"h4\" style=\"text-align: center;\">FOTOSS\u00cdNTESE<\/p>\n<p>Nesta 5\u00ba feira, 01, Luiz Sa\u00e7\u00e7o convida para o Lounge Sertanejo com show de Leonardo de Freitas &amp; Fabiano, Dj Lavinia e grupo Bombocado.Ser\u00e1 no Premier Parc Hotel,\u00e0s 22h.<\/p>\n<p>O Grupo Ingoma promove cortejo, hoje, no Cal\u00e7ad\u00e3o da Halfeld trazendo a tradi\u00e7\u00e3o do congado mineiro.<\/p>\n<p>Para a grande festa Infinity no Victory Business Hotel (Terra\u00e7o), uma das grandes atra\u00e7\u00f5es ser\u00e1 Bruno Martini, coautor do grande sucesso Hear me Now, hit de maior sucesso do incr\u00edvel Alok. Ser\u00e1 dia 04 de fevereiro e o pre\u00e7o \u00e9 R$ 70 reais. Local limitad\u00edssimo.<\/p>\n<p>O professor do CES\/JF, Tiago Guimar\u00e3es de Oliveira, coordenador dos cursos de Administra\u00e7\u00e3o, Tecnologia em Gest\u00e3o de Recursos Humanos e Tecnologia em Marketing, foi um dos 100 professores de Minas Gerais selecionados para participar do programa Startup Universit\u00e1rio, iniciativa do Governo do Estado de Minas Gerais, capitaneado pela Secretaria do Desenvolvimento Econ\u00f4mico, Ci\u00eancia, Tecnologia e Ensino Superior (SEDECTES).<\/p>\n<p>A FIEMG est\u00e1 selecionando e abriu inscri\u00e7\u00f5es para o processo de contrata\u00e7\u00e3o de empresas para presta\u00e7\u00e3o de servi\u00e7os de consultoria (Monitor e T\u00e9cnico), referente \u00e0 execu\u00e7\u00e3o do PPIEX (Programa de Qualifica\u00e7\u00e3o para Exporta\u00e7\u00e3o).<\/p>\n<p>A Trip Advisor, renomado site que fornece informa\u00e7\u00f5es e opini\u00f5es de conte\u00fados relacionados ao turismo, concedeu o Certificado de Excel\u00eancia virtual ao Independ\u00eancia Shopping.<\/p>\n<p>Prometendo muito colorido, em breve uma mostra de telas do artista pl\u00e1stico Ricardo Barcellos estar\u00e1 em cartaz no F\u00f3rum da Cultura da UFJF.<\/p>\n<p>O espet\u00e1culo Angel que tem no elenco o ator juiz-forano Jos\u00e9 Del Duca, ap\u00f3s imenso sucesso em S\u00e3o Paulo, segue em turn\u00ea pelo Brasil. Boa sugest\u00e3o para a estr\u00e9ia do Teatro Paschoal Carlos Magno. T\u00e1 a\u00ed a dica.<\/p>\n<p>Curtindo o ver\u00e3o no litoral a colunista Maria Ang\u00e9lica Rebou\u00e7as est\u00e1 em Ilhabela, com a filha Carol Estiquer e a neta Alyce Estiquer Pinto.<\/p>\n<p>Retornando de Barra do Pira\u00ed onde curtiu mini-f\u00e9rias, o fot\u00f3grafo Valdir J\u00fanior adorou o Parque Aqu\u00e1tico Rioster.<\/p>\n<p>J\u00e1 est\u00e1 dispon\u00edvel na plataforma Vimeo o curta \u201cBarbante\u201d, escrito pelo ex-editor deste colunista Daniel Couto. (Catatau). Ele assina tamb\u00e9m a dire\u00e7\u00e3o e roteiro com Samir Hauaji. No elenco, Laura Cardoso, M\u00e1rcia Falabella, Jos\u00e9 Lu\u00eds Ribeiro e Mauro Pianta, entre outros. Palmas para ele.<\/p>\n<p>Para concluir: \u201cTudo aquilo que o homem ignora n\u00e3o existe para ele. Por isso o universo de cada um se resume ao tamanho do seu saber\u201d. (Albert Einstein). Bom dia.<\/p>\n","protected":false},"excerpt":{"rendered":"<p>Qualidade de VidaOs empres\u00e1rios Eduardo dos Santos e R\u00f4mulo Guerra Carmo, s\u00e3o alguns dos homens maduros que est\u00e3o praticando Squash, na AABB\/. Esporte ainda pouco conhecido e praticado no Brasil, o esporte exige agilidade, reflexo, resist\u00eancia aer\u00f3bica e alto gastocal\u00f3rico. Juiz de Fora possui apenas duas quadras para a pr\u00e1tica. Samba no P\u00e9S\u00e3o Pedro n\u00e3o [&hellip;]<\/p>\n","protected":false},"author":96,"featured_media":90861,"comment_status":"closed","ping_status":"closed","sticky":false,"template":"","format":"standard","meta":{"footnotes":""},"categories":[264],"tags":[],"class_list":["post-90872","post","type-post","status-publish","format-standard","has-post-thumbnail","hentry","category-eduardo-gomes"],"_links":{"self":[{"href":"https:\/\/diarioregionaldigital.com.br\/index.php?rest_route=\/wp\/v2\/posts\/90872","targetHints":{"allow":["GET"]}}],"collection":[{"href":"https:\/\/diarioregionaldigital.com.br\/index.php?rest_route=\/wp\/v2\/posts"}],"about":[{"href":"https:\/\/diarioregionaldigital.com.br\/index.php?rest_route=\/wp\/v2\/types\/post"}],"author":[{"embeddable":true,"href":"https:\/\/diarioregionaldigital.com.br\/index.php?rest_route=\/wp\/v2\/users\/96"}],"replies":[{"embeddable":true,"href":"https:\/\/diarioregionaldigital.com.br\/index.php?rest_route=%2Fwp%2Fv2%2Fcomments&post=90872"}],"version-history":[{"count":0,"href":"https:\/\/diarioregionaldigital.com.br\/index.php?rest_route=\/wp\/v2\/posts\/90872\/revisions"}],"wp:featuredmedia":[{"embeddable":true,"href":"https:\/\/diarioregionaldigital.com.br\/index.php?rest_route=\/wp\/v2\/media\/90861"}],"wp:attachment":[{"href":"https:\/\/diarioregionaldigital.com.br\/index.php?rest_route=%2Fwp%2Fv2%2Fmedia&parent=90872"}],"wp:term":[{"taxonomy":"category","embeddable":true,"href":"https:\/\/diarioregionaldigital.com.br\/index.php?rest_route=%2Fwp%2Fv2%2Fcategories&post=90872"},{"taxonomy":"post_tag","embeddable":true,"href":"https:\/\/diarioregionaldigital.com.br\/index.php?rest_route=%2Fwp%2Fv2%2Ftags&post=90872"}],"curies":[{"name":"wp","href":"https:\/\/api.w.org\/{rel}","templated":true}]}}