{"id":90858,"date":"2018-01-31T19:12:22","date_gmt":"2018-01-31T21:12:22","guid":{"rendered":"http:\/\/diarioregionaljf.com.br\/2018\/01\/31\/homem-e-preso-por-dirigir-sem-cnh-em-lima-duarte\/"},"modified":"2018-01-31T19:12:22","modified_gmt":"2018-01-31T21:12:22","slug":"homem-e-preso-por-dirigir-sem-cnh-em-lima-duarte","status":"publish","type":"post","link":"https:\/\/diarioregionaldigital.com.br\/?p=90858","title":{"rendered":"Homem \u00e9 preso por dirigir sem CNH em Lima Duarte"},"content":{"rendered":"<p>Um homem de 35 anos foi preso pela Pol\u00edcia Civil de Lima Duarte (a cerca de 63 Km de JF), nesta quarta-feira, 31, por dirigir sem Carteira Nacional de Habilita\u00e7\u00e3o (CNH). A a\u00e7\u00e3o foi poss\u00edvel em raz\u00e3o de um cumprimento de mandado de pris\u00e3o expedido pela Justi\u00e7a.<\/p>\n<p>Conforme informa\u00e7\u00f5es do Titular da Delegacia de Lima Duarte, Delegado Jos\u00e9 M\u00e1rcio de Almeida Lopes, o investigado j\u00e1 possui anota\u00e7\u00f5es em sua folha de antecedentes criminais tamb\u00e9m pelo cometimento dos crimes de furto, amea\u00e7a, uso e consumo de drogas, viol\u00eancia dom\u00e9stica, desobedi\u00eancia e vias de fato. Ele foi encaminhado ao Sistema Prisional.<\/p>\n<p>&nbsp;<\/p>\n<p>Fonte: Assessoria<\/p>\n","protected":false},"excerpt":{"rendered":"<p>Um homem de 35 anos foi preso pela Pol\u00edcia Civil de Lima Duarte (a cerca de 63 Km de JF), nesta quarta-feira, 31, por dirigir sem Carteira Nacional de Habilita\u00e7\u00e3o (CNH). A a\u00e7\u00e3o foi poss\u00edvel em raz\u00e3o de um cumprimento de mandado de pris\u00e3o expedido pela Justi\u00e7a. Conforme informa\u00e7\u00f5es do Titular da Delegacia de Lima [&hellip;]<\/p>\n","protected":false},"author":96,"featured_media":90857,"comment_status":"closed","ping_status":"closed","sticky":false,"template":"","format":"standard","meta":{"footnotes":""},"categories":[252],"tags":[],"class_list":["post-90858","post","type-post","status-publish","format-standard","has-post-thumbnail","hentry","category-regiao"],"_links":{"self":[{"href":"https:\/\/diarioregionaldigital.com.br\/index.php?rest_route=\/wp\/v2\/posts\/90858","targetHints":{"allow":["GET"]}}],"collection":[{"href":"https:\/\/diarioregionaldigital.com.br\/index.php?rest_route=\/wp\/v2\/posts"}],"about":[{"href":"https:\/\/diarioregionaldigital.com.br\/index.php?rest_route=\/wp\/v2\/types\/post"}],"author":[{"embeddable":true,"href":"https:\/\/diarioregionaldigital.com.br\/index.php?rest_route=\/wp\/v2\/users\/96"}],"replies":[{"embeddable":true,"href":"https:\/\/diarioregionaldigital.com.br\/index.php?rest_route=%2Fwp%2Fv2%2Fcomments&post=90858"}],"version-history":[{"count":0,"href":"https:\/\/diarioregionaldigital.com.br\/index.php?rest_route=\/wp\/v2\/posts\/90858\/revisions"}],"wp:featuredmedia":[{"embeddable":true,"href":"https:\/\/diarioregionaldigital.com.br\/index.php?rest_route=\/wp\/v2\/media\/90857"}],"wp:attachment":[{"href":"https:\/\/diarioregionaldigital.com.br\/index.php?rest_route=%2Fwp%2Fv2%2Fmedia&parent=90858"}],"wp:term":[{"taxonomy":"category","embeddable":true,"href":"https:\/\/diarioregionaldigital.com.br\/index.php?rest_route=%2Fwp%2Fv2%2Fcategories&post=90858"},{"taxonomy":"post_tag","embeddable":true,"href":"https:\/\/diarioregionaldigital.com.br\/index.php?rest_route=%2Fwp%2Fv2%2Ftags&post=90858"}],"curies":[{"name":"wp","href":"https:\/\/api.w.org\/{rel}","templated":true}]}}