{"id":90856,"date":"2018-01-31T18:54:05","date_gmt":"2018-01-31T20:54:05","guid":{"rendered":"http:\/\/diarioregionaljf.com.br\/2018\/01\/31\/governo-fara-censo-de-migrantes-venezuelanos-no-brasil\/"},"modified":"2018-01-31T18:54:05","modified_gmt":"2018-01-31T20:54:05","slug":"governo-fara-censo-de-migrantes-venezuelanos-no-brasil","status":"publish","type":"post","link":"https:\/\/diarioregionaldigital.com.br\/?p=90856","title":{"rendered":"Governo far\u00e1 censo de migrantes venezuelanos no Brasil"},"content":{"rendered":"<p>O governo federal decidiu realizar um censo dos migrantes venezuelanos que entraram no Brasil em raz\u00e3o da crise pol\u00edtica e econ\u00f4mica no pa\u00eds vizinho. Diante das informa\u00e7\u00f5es do levantamento, o Pal\u00e1cio do Planalto analisar\u00e1 novas medidas a serem tomadas.<\/p>\n<p>Com a deteriora\u00e7\u00e3o da economia do pa\u00eds presidido por Nicol\u00e1s Maduro, venezuelanos t\u00eam cruzado a fronteira e se estabelecido no Brasil, principalmente no estado de Roraima, nas cidades de Pacaraima e Boa Vista. O governo n\u00e3o informou quando ser\u00e1 iniciado o censo.<\/p>\n<p>O tema foi discutido em reuni\u00e3o interministerial realizada nessa ter\u00e7a-feira, 30, coordenada pelo ministro-chefe da Casa Civil, Eliseu Padilha. Participaram os ministros Torquato Jardim (Justi\u00e7a), Raul Jungmann (Defesa), Ricardo Barros (Sa\u00fade), Osmar Terra (Desenvolvimento Social), S\u00e9rgio Etchegoyen (Gabinete de Seguran\u00e7a Institucional) e o secret\u00e1rio-geral do Minist\u00e9rio das Rela\u00e7\u00f5es Exteriores, embaixador Marcos Galv\u00e3o.<\/p>\n<p>A situa\u00e7\u00e3o tem sido monitorada pelo governo federal, que d\u00e1 apoio t\u00e9cnico e financeiro ao estado de Roraima para atender a essa popula\u00e7\u00e3o. Durante a reuni\u00e3o ministerial, ficou decidido que ser\u00e3o intensificadas as a\u00e7\u00f5es na regi\u00e3o.<\/p>\n<p>No ano passado, foram repassados R$793 mil para abrigos destinados a migrantes ind\u00edgenas e n\u00e3o ind\u00edgenas. Al\u00e9m disso, foram destinadas 82 toneladas de alimentos para os venezuelanos abrigados em Pacaraima e Boa Vista, al\u00e9m de um repasse de R$42,4 milh\u00f5es pelo Minist\u00e9rio da Sa\u00fade.<\/p>\n<p>&nbsp;<\/p>\n<p>Fonte: Ag\u00eancia Brasil<\/p>\n","protected":false},"excerpt":{"rendered":"<p>O governo federal decidiu realizar um censo dos migrantes venezuelanos que entraram no Brasil em raz\u00e3o da crise pol\u00edtica e econ\u00f4mica no pa\u00eds vizinho. Diante das informa\u00e7\u00f5es do levantamento, o Pal\u00e1cio do Planalto analisar\u00e1 novas medidas a serem tomadas. Com a deteriora\u00e7\u00e3o da economia do pa\u00eds presidido por Nicol\u00e1s Maduro, venezuelanos t\u00eam cruzado a fronteira [&hellip;]<\/p>\n","protected":false},"author":96,"featured_media":90855,"comment_status":"closed","ping_status":"closed","sticky":false,"template":"","format":"standard","meta":{"footnotes":""},"categories":[302],"tags":[],"class_list":["post-90856","post","type-post","status-publish","format-standard","has-post-thumbnail","hentry","category-brasil-mundo"],"_links":{"self":[{"href":"https:\/\/diarioregionaldigital.com.br\/index.php?rest_route=\/wp\/v2\/posts\/90856","targetHints":{"allow":["GET"]}}],"collection":[{"href":"https:\/\/diarioregionaldigital.com.br\/index.php?rest_route=\/wp\/v2\/posts"}],"about":[{"href":"https:\/\/diarioregionaldigital.com.br\/index.php?rest_route=\/wp\/v2\/types\/post"}],"author":[{"embeddable":true,"href":"https:\/\/diarioregionaldigital.com.br\/index.php?rest_route=\/wp\/v2\/users\/96"}],"replies":[{"embeddable":true,"href":"https:\/\/diarioregionaldigital.com.br\/index.php?rest_route=%2Fwp%2Fv2%2Fcomments&post=90856"}],"version-history":[{"count":0,"href":"https:\/\/diarioregionaldigital.com.br\/index.php?rest_route=\/wp\/v2\/posts\/90856\/revisions"}],"wp:featuredmedia":[{"embeddable":true,"href":"https:\/\/diarioregionaldigital.com.br\/index.php?rest_route=\/wp\/v2\/media\/90855"}],"wp:attachment":[{"href":"https:\/\/diarioregionaldigital.com.br\/index.php?rest_route=%2Fwp%2Fv2%2Fmedia&parent=90856"}],"wp:term":[{"taxonomy":"category","embeddable":true,"href":"https:\/\/diarioregionaldigital.com.br\/index.php?rest_route=%2Fwp%2Fv2%2Fcategories&post=90856"},{"taxonomy":"post_tag","embeddable":true,"href":"https:\/\/diarioregionaldigital.com.br\/index.php?rest_route=%2Fwp%2Fv2%2Ftags&post=90856"}],"curies":[{"name":"wp","href":"https:\/\/api.w.org\/{rel}","templated":true}]}}