{"id":90852,"date":"2018-01-31T18:39:04","date_gmt":"2018-01-31T20:39:04","guid":{"rendered":"http:\/\/diarioregionaljf.com.br\/2018\/01\/31\/cristiane-brasil-defende-competencia-do-stj-para-julgar-validade-de-sua-nomeacao\/"},"modified":"2018-01-31T18:39:04","modified_gmt":"2018-01-31T20:39:04","slug":"cristiane-brasil-defende-competencia-do-stj-para-julgar-validade-de-sua-nomeacao","status":"publish","type":"post","link":"https:\/\/diarioregionaldigital.com.br\/?p=90852","title":{"rendered":"Cristiane Brasil defende compet\u00eancia do STJ para julgar validade de sua nomea\u00e7\u00e3o"},"content":{"rendered":"<p>Os advogados da deputada Cristiane Brasil (PTB-RJ) defenderam hoje, 31, a compet\u00eancia do Superior Tribunal de Justi\u00e7a (STJ) para julgar a validade de sua nomea\u00e7\u00e3o para o cargo de ministra do Trabalho. Em manifesta\u00e7\u00e3o enviada ao Supremo Tribunal Federal (STF), os advogados sustentam que n\u00e3o h\u00e1 \u00f3bices legais para a posse de Cristiane, que foi suspensa por meio de liminar proferida pela presidente da Corte, ministra C\u00e1rmen L\u00facia. O caso voltar\u00e1 a ser julgado nas pr\u00f3ximas semanas.<\/p>\n<p>Na peti\u00e7\u00e3o, a defesa diz que a nomea\u00e7\u00e3o n\u00e3o afrontou o princ\u00edpio constitucional da moralidade e que, sendo assim, deveria prevalecer a decis\u00e3o do STJ que liberou a posse da deputada. Os defensores de Cristiane tamb\u00e9m argumentam que os processos trabalhistas enfrentados pela parlamentar n\u00e3o podem ser usados para impedi-la de ser empossada.<\/p>\n<p>\u201cA decis\u00e3o agravada, no entanto, \u00e9 absolutamente insustent\u00e1vel, uma vez que n\u00e3o h\u00e1 qualquer viola\u00e7\u00e3o ao princ\u00edpio da moralidade, uma vez que a ora reclamada, ao ter ajuizada contra si uma reclama\u00e7\u00e3o trabalhista e resistir \u00e0 pretens\u00e3o do autor, est\u00e1 exercendo o seu leg\u00edtimo direito de a\u00e7\u00e3o e do devido processo legal\u201d, diz a defesa.<\/p>\n<p>A nomea\u00e7\u00e3o de Cristiane Brasil foi anunciada pelo presidente Michel Temer no dia 3 de janeiro, mas a deputada foi impedida de tomar posse por for\u00e7a de uma decis\u00e3o liminar (provis\u00f3ria) do juiz Leonardo da Costa Couceiro, da 4\u00aa Vara Federal de Niter\u00f3i, proferida em 8 de janeiro.<\/p>\n<p>Couceiro acolheu os argumentos de tr\u00eas advogados que, em a\u00e7\u00e3o popular, questionaram se a deputada estaria moralmente apta a assumir o cargo ap\u00f3s ter sido revelado pela imprensa que ela foi condenada pela Justi\u00e7a do Trabalho a pagar mais de R$60 mil a um ex-motorista, em decorr\u00eancia de irregularidades trabalhistas. Em seguida, a posse tamb\u00e9m foi suspensa por decis\u00f5es da segunda inst\u00e2ncia da Justi\u00e7a Federal no Rio de Janeiro e do STF.<\/p>\n<p>&nbsp;<\/p>\n<p>Fonte: Ag\u00eancia Brasil<\/p>\n","protected":false},"excerpt":{"rendered":"<p>Os advogados da deputada Cristiane Brasil (PTB-RJ) defenderam hoje, 31, a compet\u00eancia do Superior Tribunal de Justi\u00e7a (STJ) para julgar a validade de sua nomea\u00e7\u00e3o para o cargo de ministra do Trabalho. Em manifesta\u00e7\u00e3o enviada ao Supremo Tribunal Federal (STF), os advogados sustentam que n\u00e3o h\u00e1 \u00f3bices legais para a posse de Cristiane, que foi [&hellip;]<\/p>\n","protected":false},"author":96,"featured_media":90851,"comment_status":"closed","ping_status":"closed","sticky":false,"template":"","format":"standard","meta":{"footnotes":""},"categories":[254],"tags":[],"class_list":["post-90852","post","type-post","status-publish","format-standard","has-post-thumbnail","hentry","category-politica"],"_links":{"self":[{"href":"https:\/\/diarioregionaldigital.com.br\/index.php?rest_route=\/wp\/v2\/posts\/90852","targetHints":{"allow":["GET"]}}],"collection":[{"href":"https:\/\/diarioregionaldigital.com.br\/index.php?rest_route=\/wp\/v2\/posts"}],"about":[{"href":"https:\/\/diarioregionaldigital.com.br\/index.php?rest_route=\/wp\/v2\/types\/post"}],"author":[{"embeddable":true,"href":"https:\/\/diarioregionaldigital.com.br\/index.php?rest_route=\/wp\/v2\/users\/96"}],"replies":[{"embeddable":true,"href":"https:\/\/diarioregionaldigital.com.br\/index.php?rest_route=%2Fwp%2Fv2%2Fcomments&post=90852"}],"version-history":[{"count":0,"href":"https:\/\/diarioregionaldigital.com.br\/index.php?rest_route=\/wp\/v2\/posts\/90852\/revisions"}],"wp:featuredmedia":[{"embeddable":true,"href":"https:\/\/diarioregionaldigital.com.br\/index.php?rest_route=\/wp\/v2\/media\/90851"}],"wp:attachment":[{"href":"https:\/\/diarioregionaldigital.com.br\/index.php?rest_route=%2Fwp%2Fv2%2Fmedia&parent=90852"}],"wp:term":[{"taxonomy":"category","embeddable":true,"href":"https:\/\/diarioregionaldigital.com.br\/index.php?rest_route=%2Fwp%2Fv2%2Fcategories&post=90852"},{"taxonomy":"post_tag","embeddable":true,"href":"https:\/\/diarioregionaldigital.com.br\/index.php?rest_route=%2Fwp%2Fv2%2Ftags&post=90852"}],"curies":[{"name":"wp","href":"https:\/\/api.w.org\/{rel}","templated":true}]}}