{"id":90850,"date":"2018-01-31T18:18:53","date_gmt":"2018-01-31T20:18:53","guid":{"rendered":"http:\/\/diarioregionaljf.com.br\/2018\/01\/31\/corte-real-da-folia-coloca-a-solidariedade-em-dia-em-campanha-de-doacao-de-sangue\/"},"modified":"2018-01-31T18:18:53","modified_gmt":"2018-01-31T20:18:53","slug":"corte-real-da-folia-coloca-a-solidariedade-em-dia-em-campanha-de-doacao-de-sangue","status":"publish","type":"post","link":"https:\/\/diarioregionaldigital.com.br\/?p=90850","title":{"rendered":"\u201cCorte Real da Folia\u201d coloca a solidariedade em dia em campanha de doa\u00e7\u00e3o de sangue"},"content":{"rendered":"<p>Depois do fim de semana agitado de abertura do pr\u00e9-carnaval de Juiz de Fora, a \u201cCorte Real da Folia\u201d reservou um tempo na agenda apertada para incentivar a solidariedade atrav\u00e9s da doa\u00e7\u00e3o de sangue. Na manh\u00e3 dessa ter\u00e7a-feira, 30, o Rei Momo Eduardo Rodrigues, a Rainha Gracyele Rocha, a Princesa Deysi Alves, acompanhados da Musa dos Blocos, Tassiane Agostinho, e da Rainha dos Blocos, Cristina Rabello, estiveram no Hemominas (Rua Bar\u00e3o de Cataguases, Centro), onde participaram da triagem m\u00e9dica, esclareceram d\u00favidas, doaram sangue e divulgaram a import\u00e2ncia da capta\u00e7\u00e3o antes da folia. A a\u00e7\u00e3o foi promovida pelo \u201cBem Comum\u201d, projeto da Secretaria de Comunica\u00e7\u00e3o Social (SCS) da Prefeitura de Juiz de Fora (PJF), que tem como objetivo encurtar o caminho entre quem quer ajudar e quem precisa de apoio.<\/p>\n<p>A coleta de sangue dos representantes do carnaval da cidade teve como objetivo auxiliar o Hemocentro Regional de Juiz de Fora a conscientizar os foli\u00f5es sobre a import\u00e2ncia da doa\u00e7\u00e3o em \u00e9poca de baixa nos estoques. Atualmente, 29% do sangue de fator Rh negativo est\u00e1 abaixo do esperado, sendo a situa\u00e7\u00e3o mais grave a do sangue tipo O-, que est\u00e1 52% abaixo do esperado.<\/p>\n<p>A assistente social do Hemocentro, Thaysi Ribeiro, explicou que esse per\u00edodo de festas e de f\u00e9rias costuma afastar os doadores. Por\u00e9m, \u00e9 nesse momento em que a doa\u00e7\u00e3o \u00e9 mais necess\u00e1ria: \u201cEm decorr\u00eancia das festas de final de ano, das f\u00e9rias, e, agora, do carnaval, a tend\u00eancia \u00e9 o comparecimento reduzido de doadores. Este ano, ainda temos o agravante do surgimento de casos suspeitos de febre amarela na regi\u00e3o. Por isso, a import\u00e2ncia das campanhas para estimular as pessoas a doar, para podermos garantir o estoque e o atendimento daquelas que precisam de transfus\u00e3o\u201d.<\/p>\n<p>O Rei Momo lembra que \u201cdoar sangue \u00e9 um ato muito gratificante, porque, al\u00e9m de estarmos fazendo o bem, podemos realmente salvar vidas. Especialmente nesta \u00e9poca do ano, de carnaval, quando as pessoas viajam e curtem a folia, estando sujeitas a riscos de acidentes, por exemplo, o que pode fazer com que precisem de doa\u00e7\u00e3o sangu\u00ednea\u201d.<\/p>\n<p>Deysi Alves, que j\u00e1 \u00e9 doadora, contou sobre o sentimento de salvar vidas atrav\u00e9s de um pequeno gesto: \u201c\u00c9 uma sensa\u00e7\u00e3o muito boa, saber que o meu sangue ajudar\u00e1 pessoas que est\u00e3o passando por um momento de dificuldade. \u00c9 muito gratificante\u201d.<\/p>\n<p>Al\u00e9m da Corte, a Rainha e a Musa dos Blocos aproveitaram para convidar os foli\u00f5es a colaborar com o Hemominas na manuten\u00e7\u00e3o da provis\u00e3o de sangue ideal para o atendimento durante os dias de carnaval. \u201cO processo \u00e9 r\u00e1pido e simples, \u00e9 s\u00f3 passar aqui no Hemominas, participar da triagem, que \u00e9 rapidinha, e doar para salvar vidas\u201d, explicou Tassiane Agostinho.<\/p>\n<p>Al\u00e9m da participa\u00e7\u00e3o na a\u00e7\u00e3o promovida pelo \u201cBem comum\u201d, a \u201cCorte da Folia\u201d estar\u00e1 no tradicional bloco criado pelo Hemominas, o \u201cUnidos Pela Vida\u201d, que, pelo d\u00e9cimo ano consecutivo, faz parte da programa\u00e7\u00e3o do carnaval da cidade. O desfile do bloco acontece no dia 6 de fevereiro, com concentra\u00e7\u00e3o a partir das 10h30, no Parque Halfeld, em frente \u00e0 C\u00e2mara Municipal. O bloco descer\u00e1 o cal\u00e7ad\u00e3o at\u00e9 o cruzamento das ruas Halfeld e Batista de Oliveira, conscientizando a popula\u00e7\u00e3o sobre a import\u00e2ncia da doa\u00e7\u00e3o de sangue.<\/p>\n<p>O Hemocentro Regional de Juiz de Fora funciona de segunda a sexta-feira, das 7h \u00e0s 18h, e nos s\u00e1bados, das 7h \u00e0s 11h, ou at\u00e9 o fim das 90 senhas. Para informa\u00e7\u00f5es sobre condi\u00e7\u00f5es ideais para doa\u00e7\u00e3o de sangue e informa\u00e7\u00f5es de funcionamento, ligue 155, op\u00e7\u00e3o 8, ou acesse o site do Hemominas.<\/p>\n<p>Ressaltamos que, excepcionalmente, durante o carnaval, o Hemocentro Regional abrir\u00e1 no s\u00e1bado, 10, apenas para o grupo de pessoas agendadas. Na segunda, 12, funcionar\u00e1 em hor\u00e1rio diferenciado, das 7h \u00e0s 12h, para demanda espont\u00e2nea. E n\u00e3o funcionar\u00e1 na ter\u00e7a, 13, retomando as atividades na quarta-feira, 15, \u00e0s 13h.<\/p>\n<p>&nbsp;<\/p>\n<p>Fonte: Assessoria<\/p>\n","protected":false},"excerpt":{"rendered":"<p>Depois do fim de semana agitado de abertura do pr\u00e9-carnaval de Juiz de Fora, a \u201cCorte Real da Folia\u201d reservou um tempo na agenda apertada para incentivar a solidariedade atrav\u00e9s da doa\u00e7\u00e3o de sangue. Na manh\u00e3 dessa ter\u00e7a-feira, 30, o Rei Momo Eduardo Rodrigues, a Rainha Gracyele Rocha, a Princesa Deysi Alves, acompanhados da Musa [&hellip;]<\/p>\n","protected":false},"author":96,"featured_media":90849,"comment_status":"closed","ping_status":"closed","sticky":false,"template":"","format":"standard","meta":{"footnotes":""},"categories":[253],"tags":[],"class_list":["post-90850","post","type-post","status-publish","format-standard","has-post-thumbnail","hentry","category-cidade"],"_links":{"self":[{"href":"https:\/\/diarioregionaldigital.com.br\/index.php?rest_route=\/wp\/v2\/posts\/90850","targetHints":{"allow":["GET"]}}],"collection":[{"href":"https:\/\/diarioregionaldigital.com.br\/index.php?rest_route=\/wp\/v2\/posts"}],"about":[{"href":"https:\/\/diarioregionaldigital.com.br\/index.php?rest_route=\/wp\/v2\/types\/post"}],"author":[{"embeddable":true,"href":"https:\/\/diarioregionaldigital.com.br\/index.php?rest_route=\/wp\/v2\/users\/96"}],"replies":[{"embeddable":true,"href":"https:\/\/diarioregionaldigital.com.br\/index.php?rest_route=%2Fwp%2Fv2%2Fcomments&post=90850"}],"version-history":[{"count":0,"href":"https:\/\/diarioregionaldigital.com.br\/index.php?rest_route=\/wp\/v2\/posts\/90850\/revisions"}],"wp:featuredmedia":[{"embeddable":true,"href":"https:\/\/diarioregionaldigital.com.br\/index.php?rest_route=\/wp\/v2\/media\/90849"}],"wp:attachment":[{"href":"https:\/\/diarioregionaldigital.com.br\/index.php?rest_route=%2Fwp%2Fv2%2Fmedia&parent=90850"}],"wp:term":[{"taxonomy":"category","embeddable":true,"href":"https:\/\/diarioregionaldigital.com.br\/index.php?rest_route=%2Fwp%2Fv2%2Fcategories&post=90850"},{"taxonomy":"post_tag","embeddable":true,"href":"https:\/\/diarioregionaldigital.com.br\/index.php?rest_route=%2Fwp%2Fv2%2Ftags&post=90850"}],"curies":[{"name":"wp","href":"https:\/\/api.w.org\/{rel}","templated":true}]}}