{"id":90848,"date":"2018-01-31T17:55:32","date_gmt":"2018-01-31T19:55:32","guid":{"rendered":"http:\/\/diarioregionaljf.com.br\/2018\/01\/31\/profissionais-da-saude-participam-de-capacitacao-sobre-a-febre-amarela\/"},"modified":"2018-01-31T17:55:32","modified_gmt":"2018-01-31T19:55:32","slug":"profissionais-da-saude-participam-de-capacitacao-sobre-a-febre-amarela","status":"publish","type":"post","link":"https:\/\/diarioregionaldigital.com.br\/?p=90848","title":{"rendered":"Profissionais da sa\u00fade participam de capacita\u00e7\u00e3o sobre a febre amarela"},"content":{"rendered":"<p>Cento e dezoito m\u00e9dicos e gestores de sa\u00fade de Juiz de Fora e regi\u00e3o participaram de capacita\u00e7\u00e3o sobre a febre amarela promovida pelo N\u00facleo de Educa\u00e7\u00e3o Permanente (NEP) da Rede Amiga de Urg\u00eancia e Emerg\u00eancia nessa ter\u00e7a-feira, 30. No treinamento ministrado pelo m\u00e9dico infectologista Guilherme C\u00f4rtes Fernandes, a doen\u00e7a e seus vetores foram analisados e debatidos a partir de diversas abordagens.<\/p>\n<p>O manejo cl\u00ednico teve destaque na fala do m\u00e9dico, que enfatizou as dificuldades para a identifica\u00e7\u00e3o de pacientes com febre amarela uma vez que os sintomas iniciais da doen\u00e7a s\u00e3o semelhantes aos de outras patologias, como a dengue. Guilherme destacou, ainda, a import\u00e2ncia da situa\u00e7\u00e3o epidemiol\u00f3gica no estado Minas Gerais, chamando aten\u00e7\u00e3o dos profissionais de sa\u00fade que devem procurar, de maneira precoce, a confirma\u00e7\u00e3o ou n\u00e3o da doen\u00e7a nos pacientes que chegam \u00e0s unidades de sa\u00fade.<\/p>\n<p>Guilherme C\u00f4rtes tamb\u00e9m ressaltou a import\u00e2ncia da vacina para o combate a febre amarela, lembrando que a imuniza\u00e7\u00e3o \u00e9 a melhor forma de prote\u00e7\u00e3o contra a doen\u00e7a. Ele afirma que, uma vez que a regi\u00e3o da Zona da Mata apresenta diversos casos suspeitos, cabe aos gestores de sa\u00fade mapear as regi\u00f5es nas quais o \u00edndice de vacina\u00e7\u00e3o n\u00e3o \u00e9 satisfat\u00f3rio e ofertar a imuniza\u00e7\u00e3o aos moradores dessas \u00e1reas.<\/p>\n<p>Os participantes destacaram a relev\u00e2ncia do evento para o exerc\u00edcio de suas profiss\u00f5es neste per\u00edodo especial por que passam os munic\u00edpios. A Secretaria de Sa\u00fade de Santos Dumont, Leatrice Joyce Schubert de Castro, afirmou que a troca de conhecimento foi muito esclarecedora. \u201cA gente teve contato com diversas realidades, e isso \u00e9 enriquecedor. Voc\u00ea percebe que a realidade do seu munic\u00edpio \u00e9 semelhante a de diversos outros\u201d, observa. Reinaldo Jos\u00e9 de Sousa, enfermeiro da UPA de Santa Luzia, diz que as experi\u00eancias compartilhadas durante o evento foram esclarecedores e garante que ir\u00e1 multiplicar os conhecimentos adquiridos.<\/p>\n<p>A capacita\u00e7\u00e3o foi fruto de uma parceria entre o N\u00facleo de Educa\u00e7\u00e3o Permanente (NEP) do HPS e o Departamento de Vigil\u00e2ncia Epidemiol\u00f3gica e Ambiental (Dvea) da Secretaria de Sa\u00fade (SS) da Prefeitura de Juiz de Fora (PJF) e o Cons\u00f3rcio Intermunicipal de Sa\u00fade da Regi\u00e3o Sudeste (Cisdeste).<\/p>\n<p>&nbsp;<\/p>\n<p>Fonte: Assessoria<\/p>\n","protected":false},"excerpt":{"rendered":"<p>Cento e dezoito m\u00e9dicos e gestores de sa\u00fade de Juiz de Fora e regi\u00e3o participaram de capacita\u00e7\u00e3o sobre a febre amarela promovida pelo N\u00facleo de Educa\u00e7\u00e3o Permanente (NEP) da Rede Amiga de Urg\u00eancia e Emerg\u00eancia nessa ter\u00e7a-feira, 30. No treinamento ministrado pelo m\u00e9dico infectologista Guilherme C\u00f4rtes Fernandes, a doen\u00e7a e seus vetores foram analisados e [&hellip;]<\/p>\n","protected":false},"author":96,"featured_media":90847,"comment_status":"closed","ping_status":"closed","sticky":false,"template":"","format":"standard","meta":{"footnotes":""},"categories":[253],"tags":[],"class_list":["post-90848","post","type-post","status-publish","format-standard","has-post-thumbnail","hentry","category-cidade"],"_links":{"self":[{"href":"https:\/\/diarioregionaldigital.com.br\/index.php?rest_route=\/wp\/v2\/posts\/90848","targetHints":{"allow":["GET"]}}],"collection":[{"href":"https:\/\/diarioregionaldigital.com.br\/index.php?rest_route=\/wp\/v2\/posts"}],"about":[{"href":"https:\/\/diarioregionaldigital.com.br\/index.php?rest_route=\/wp\/v2\/types\/post"}],"author":[{"embeddable":true,"href":"https:\/\/diarioregionaldigital.com.br\/index.php?rest_route=\/wp\/v2\/users\/96"}],"replies":[{"embeddable":true,"href":"https:\/\/diarioregionaldigital.com.br\/index.php?rest_route=%2Fwp%2Fv2%2Fcomments&post=90848"}],"version-history":[{"count":0,"href":"https:\/\/diarioregionaldigital.com.br\/index.php?rest_route=\/wp\/v2\/posts\/90848\/revisions"}],"wp:featuredmedia":[{"embeddable":true,"href":"https:\/\/diarioregionaldigital.com.br\/index.php?rest_route=\/wp\/v2\/media\/90847"}],"wp:attachment":[{"href":"https:\/\/diarioregionaldigital.com.br\/index.php?rest_route=%2Fwp%2Fv2%2Fmedia&parent=90848"}],"wp:term":[{"taxonomy":"category","embeddable":true,"href":"https:\/\/diarioregionaldigital.com.br\/index.php?rest_route=%2Fwp%2Fv2%2Fcategories&post=90848"},{"taxonomy":"post_tag","embeddable":true,"href":"https:\/\/diarioregionaldigital.com.br\/index.php?rest_route=%2Fwp%2Fv2%2Ftags&post=90848"}],"curies":[{"name":"wp","href":"https:\/\/api.w.org\/{rel}","templated":true}]}}