{"id":90846,"date":"2018-01-31T17:45:34","date_gmt":"2018-01-31T19:45:34","guid":{"rendered":"http:\/\/diarioregionaljf.com.br\/2018\/01\/31\/fiemg-seleciona-equipe-tecnica-para-atuar-no-programa-de-qualificacao-para-exportacao\/"},"modified":"2018-01-31T17:45:34","modified_gmt":"2018-01-31T19:45:34","slug":"fiemg-seleciona-equipe-tecnica-para-atuar-no-programa-de-qualificacao-para-exportacao","status":"publish","type":"post","link":"https:\/\/diarioregionaldigital.com.br\/?p=90846","title":{"rendered":"FIEMG seleciona equipe t\u00e9cnica para atuar no Programa de Qualifica\u00e7\u00e3o para Exporta\u00e7\u00e3o"},"content":{"rendered":"<p>A Federa\u00e7\u00e3o das Ind\u00fastrias de Minas Gerais (FIEMG) est\u00e1 com inscri\u00e7\u00f5es abertas para o processo de contrata\u00e7\u00e3o de empresas para presta\u00e7\u00e3o de servi\u00e7os de consultoria (Monitor e T\u00e9cnico), referente \u00e0 execu\u00e7\u00e3o do Programa de Qualifica\u00e7\u00e3o para Exporta\u00e7\u00e3o (PEIEX), para desenvolvimento da competitividade exportadora das empresas em dois N\u00facleos Operacionais (Belo Horizonte\/Regi\u00e3o Metropolitana e Zona da Mata com sede em Juiz de Fora, em atendimento ao Centro Internacional de Neg\u00f3cios da Federa\u00e7\u00e3o.<\/p>\n<p>O PEIEX \u00e9 um projeto de capacita\u00e7\u00e3o gratuita, com foco em micro, pequenas e m\u00e9dias ind\u00fastrias, em diversos segmentos, com potencial exportador. O programa \u00e9 ofertado em v\u00e1rias cidades do pa\u00eds, com a proposta de viabilizar o contato com empresas do mesmo segmento no exterior, atrav\u00e9s de miss\u00f5es comerciais e rodadas de neg\u00f3cios. Uma grande oportunidade para o empreendimento elevar o padr\u00e3o de competitividade e se tornar refer\u00eancia em exporta\u00e7\u00e3o.<\/p>\n<p>As propostas comerciais dever\u00e3o ser encaminhadas at\u00e9 \u00e0s 18h do dia 5 de fevereiro, para os e-mails jacimara.pereira@fiemg.com.br e comprasdiretas@fiemg.com.br ou entregues na Ger\u00eancia de Aquisi\u00e7\u00f5es e Contrata\u00e7\u00f5es &#8211; GAC\/N\u00facleo de Compras Diretas &#8211; NCD, localizada na Avenida do Contorno, n.\u00ba 4.520, 5.\u00ba andar, Bairro Funcion\u00e1rios, em Belo Horizonte (MG).<\/p>\n<p>&nbsp;<\/p>\n<p>Fonte: Assessoria<\/p>\n","protected":false},"excerpt":{"rendered":"<p>A Federa\u00e7\u00e3o das Ind\u00fastrias de Minas Gerais (FIEMG) est\u00e1 com inscri\u00e7\u00f5es abertas para o processo de contrata\u00e7\u00e3o de empresas para presta\u00e7\u00e3o de servi\u00e7os de consultoria (Monitor e T\u00e9cnico), referente \u00e0 execu\u00e7\u00e3o do Programa de Qualifica\u00e7\u00e3o para Exporta\u00e7\u00e3o (PEIEX), para desenvolvimento da competitividade exportadora das empresas em dois N\u00facleos Operacionais (Belo Horizonte\/Regi\u00e3o Metropolitana e Zona da [&hellip;]<\/p>\n","protected":false},"author":96,"featured_media":90845,"comment_status":"closed","ping_status":"closed","sticky":false,"template":"","format":"standard","meta":{"footnotes":""},"categories":[253],"tags":[],"class_list":["post-90846","post","type-post","status-publish","format-standard","has-post-thumbnail","hentry","category-cidade"],"_links":{"self":[{"href":"https:\/\/diarioregionaldigital.com.br\/index.php?rest_route=\/wp\/v2\/posts\/90846","targetHints":{"allow":["GET"]}}],"collection":[{"href":"https:\/\/diarioregionaldigital.com.br\/index.php?rest_route=\/wp\/v2\/posts"}],"about":[{"href":"https:\/\/diarioregionaldigital.com.br\/index.php?rest_route=\/wp\/v2\/types\/post"}],"author":[{"embeddable":true,"href":"https:\/\/diarioregionaldigital.com.br\/index.php?rest_route=\/wp\/v2\/users\/96"}],"replies":[{"embeddable":true,"href":"https:\/\/diarioregionaldigital.com.br\/index.php?rest_route=%2Fwp%2Fv2%2Fcomments&post=90846"}],"version-history":[{"count":0,"href":"https:\/\/diarioregionaldigital.com.br\/index.php?rest_route=\/wp\/v2\/posts\/90846\/revisions"}],"wp:featuredmedia":[{"embeddable":true,"href":"https:\/\/diarioregionaldigital.com.br\/index.php?rest_route=\/wp\/v2\/media\/90845"}],"wp:attachment":[{"href":"https:\/\/diarioregionaldigital.com.br\/index.php?rest_route=%2Fwp%2Fv2%2Fmedia&parent=90846"}],"wp:term":[{"taxonomy":"category","embeddable":true,"href":"https:\/\/diarioregionaldigital.com.br\/index.php?rest_route=%2Fwp%2Fv2%2Fcategories&post=90846"},{"taxonomy":"post_tag","embeddable":true,"href":"https:\/\/diarioregionaldigital.com.br\/index.php?rest_route=%2Fwp%2Fv2%2Ftags&post=90846"}],"curies":[{"name":"wp","href":"https:\/\/api.w.org\/{rel}","templated":true}]}}