{"id":90844,"date":"2018-01-31T17:43:26","date_gmt":"2018-01-31T19:43:26","guid":{"rendered":"http:\/\/diarioregionaljf.com.br\/2018\/01\/31\/mae-e-filha-de-tres-anos-ficam-feridas-em-acidente-na-br-040\/"},"modified":"2018-01-31T17:43:26","modified_gmt":"2018-01-31T19:43:26","slug":"mae-e-filha-de-tres-anos-ficam-feridas-em-acidente-na-br-040","status":"publish","type":"post","link":"https:\/\/diarioregionaldigital.com.br\/?p=90844","title":{"rendered":"M\u00e3e e filha de tr\u00eas anos ficam feridas em acidente na BR 040"},"content":{"rendered":"<p>Um acidente envolvendo carro e um caminh\u00e3o deixou tr\u00eas integrantes de uma mesma fam\u00edlia feridos na tarde desta ter\u00e7a-feira, 30, na altura do KM 767,4 na BR 040.<\/p>\n<p>De acordo com informa\u00e7\u00f5es da Pol\u00edcia Rodovi\u00e1ria Federal (PRF), o ve\u00edculo Hyundai, com placa de Belo Horizonte, invadiu a faixa de rolamento oposta da pista vindo a colidir frontalmente contra um caminh\u00e3o Mercedes Benz, placa de Contagem.<\/p>\n<p>No interior do carro encontravam-se o motorista de 41 anos, sua mulher tamb\u00e9m de 41 anos gr\u00e1vida de cinco meses e a filha do casal, de tr\u00eas anos. O homem sofreu ferimentos leves, a mulher e a crian\u00e7a foram socorridas pelo Servi\u00e7o de Atendimento M\u00f3vel de Urg\u00eancia (SAMU) e encaminhadas para hospitais de Juiz de Fora. O servi\u00e7o de resgate da Via 040 tamb\u00e9m acompanhou a ocorr\u00eancia. O motorista do caminh\u00e3o, de 59 anos, n\u00e3o sofreu nenhum ferimento.<\/p>\n<p>Ainda n\u00e3o temos informa\u00e7\u00f5es atualizadas e confirmadas a respeito do estado das v\u00edtimas.<\/p>\n<p>A PRF explicou que o ve\u00edculo Hyunday estava com os pneus traseiros sem condi\u00e7\u00f5es m\u00ednimas de seguran\u00e7a, o que potencializou a perda de controle e o fez rodar na pista.<\/p>\n","protected":false},"excerpt":{"rendered":"<p>Um acidente envolvendo carro e um caminh\u00e3o deixou tr\u00eas integrantes de uma mesma fam\u00edlia feridos na tarde desta ter\u00e7a-feira, 30, na altura do KM 767,4 na BR 040. De acordo com informa\u00e7\u00f5es da Pol\u00edcia Rodovi\u00e1ria Federal (PRF), o ve\u00edculo Hyundai, com placa de Belo Horizonte, invadiu a faixa de rolamento oposta da pista vindo a [&hellip;]<\/p>\n","protected":false},"author":96,"featured_media":90843,"comment_status":"closed","ping_status":"closed","sticky":false,"template":"","format":"standard","meta":{"footnotes":""},"categories":[252],"tags":[],"class_list":["post-90844","post","type-post","status-publish","format-standard","has-post-thumbnail","hentry","category-regiao"],"_links":{"self":[{"href":"https:\/\/diarioregionaldigital.com.br\/index.php?rest_route=\/wp\/v2\/posts\/90844","targetHints":{"allow":["GET"]}}],"collection":[{"href":"https:\/\/diarioregionaldigital.com.br\/index.php?rest_route=\/wp\/v2\/posts"}],"about":[{"href":"https:\/\/diarioregionaldigital.com.br\/index.php?rest_route=\/wp\/v2\/types\/post"}],"author":[{"embeddable":true,"href":"https:\/\/diarioregionaldigital.com.br\/index.php?rest_route=\/wp\/v2\/users\/96"}],"replies":[{"embeddable":true,"href":"https:\/\/diarioregionaldigital.com.br\/index.php?rest_route=%2Fwp%2Fv2%2Fcomments&post=90844"}],"version-history":[{"count":0,"href":"https:\/\/diarioregionaldigital.com.br\/index.php?rest_route=\/wp\/v2\/posts\/90844\/revisions"}],"wp:featuredmedia":[{"embeddable":true,"href":"https:\/\/diarioregionaldigital.com.br\/index.php?rest_route=\/wp\/v2\/media\/90843"}],"wp:attachment":[{"href":"https:\/\/diarioregionaldigital.com.br\/index.php?rest_route=%2Fwp%2Fv2%2Fmedia&parent=90844"}],"wp:term":[{"taxonomy":"category","embeddable":true,"href":"https:\/\/diarioregionaldigital.com.br\/index.php?rest_route=%2Fwp%2Fv2%2Fcategories&post=90844"},{"taxonomy":"post_tag","embeddable":true,"href":"https:\/\/diarioregionaldigital.com.br\/index.php?rest_route=%2Fwp%2Fv2%2Ftags&post=90844"}],"curies":[{"name":"wp","href":"https:\/\/api.w.org\/{rel}","templated":true}]}}