{"id":90842,"date":"2018-01-31T17:28:07","date_gmt":"2018-01-31T19:28:07","guid":{"rendered":"http:\/\/diarioregionaljf.com.br\/2018\/01\/31\/cai-venda-de-ingressos-do-carnaval-carioca-para-estrangeiros\/"},"modified":"2018-01-31T17:28:07","modified_gmt":"2018-01-31T19:28:07","slug":"cai-venda-de-ingressos-do-carnaval-carioca-para-estrangeiros","status":"publish","type":"post","link":"https:\/\/diarioregionaldigital.com.br\/?p=90842","title":{"rendered":"Cai venda de ingressos do carnaval carioca para estrangeiros"},"content":{"rendered":"<p>A venda de ingressos do Samb\u00f3dromo para estrangeiros em 2018 ser\u00e1 menor que nos \u00faltimos anos. Passados quase dois anos da Olimp\u00edada Rio 2016, o pa\u00eds come\u00e7a a sair do mapa tur\u00edstico internacional, segundo a Associa\u00e7\u00e3o Brasileira de Ag\u00eancias de Viagens (Abav) do Rio de Janeiro. A entidade \u00e9 respons\u00e1vel pela venda do melhor camarote da Marqu\u00eas de Sapuca\u00ed, o disputado Setor 9, perto do recuo da bateria e dos jurados, com vista privilegiada para a pista do desfile.<\/p>\n<p>Por conta da queda da demanda de estrangeiros, 10% dos ingressos das arquibancadas especiais, incluindo o Setor 9, ainda n\u00e3o foram vendidos: 2,4 mil lugares do total de 24 mil para dois dias, segundo a Liga Independente das Escolas de Samba (Liesa) do Rio. Ao todo, s\u00e3o 40 mil vagas de arquibancadas, incluindo as populares, cuja venda foi aberta nessa quarta-feira, 31, no Samb\u00f3dromo. As compras por telefone e internet j\u00e1 foram encerradas.<\/p>\n<p>Segundo a presidente da Abav, Teresa Cristina Fritsch, as ag\u00eancias e receptivos pegaram menos ingressos que nos anos anteriores, antecipando a queda da procura. \u201cO estrangeiro, quando viaja, ele reserva com meses de anteced\u00eancia, e n\u00f3s n\u00e3o est\u00e1vamos percebendo essa procura ocorrendo\u201d, explicou. Como exemplo da queda da demanda, Teresa Cristina destacou que apenas cinco cruzeiros atracar\u00e3o no porto do Rio no carnaval deste ano. Em 2017 foram sete e em 2016, 11.<\/p>\n<p>Al\u00e9m da queda na venda de ingressos para turistas estrangeiros, a presidente da Abav afirma que o foli\u00e3o brasileiro tem preferido pular o carnaval nos blocos de rua, e n\u00e3o no Samb\u00f3dromo. Os que ir\u00e3o \u00e0 Marqu\u00eas de Sapuca\u00ed t\u00eam escolhido os camarotes, com festas nos intervalos e comida liberada, e n\u00e3o as arquibancadas, que s\u00e3o todas descobertas. Para a presidente da Abav, \u201ch\u00e1 uma mudan\u00e7a de comportamento no carnaval carioca\u201d.<\/p>\n<p>A maior parte das vendas do Setor 9 \u00e9 feita pelas ag\u00eancias de viagem, que t\u00eam prioridade na aquisi\u00e7\u00e3o, explicou o coordenador de Vendas da Liesa, Heron Schneider. Agora, os lugares ser\u00e3o destinados \u00e0 venda direta ao p\u00fablico.<\/p>\n<p>Schneider afirma que ser\u00e1 dif\u00edcil lotar o Samb\u00f3dromo este ano e que a venda 10% menor que a do ano passado est\u00e1 dentro da m\u00e9dia geral dos \u00faltimos anos. Desde 2012, com aumento da capacidade da Marqu\u00eas de Sapuca\u00ed de 50 mil para 75 mil lugares, 2017 foi o \u00fanico em que todos os ingressos do Setor 9 foram vendidos. Um balan\u00e7o consolidado, no entanto, s\u00f3 ser\u00e1 divulgado semana que vem. \u201cS\u00f3 teremos dados consolidados, definitivos, a partir do dia 7 e 8 (de fevereiro)\u201d.<\/p>\n<p>A venda dos ingressos para os desfiles \u00e9 feita atr\u00e1s do Setor 11, no centro da cidade. Os pre\u00e7os v\u00e3o de R$10 a mais de R$1 mil, no caso de camarotes.<\/p>\n<p>Fonte: Ag\u00eancia Brasil<\/p>\n","protected":false},"excerpt":{"rendered":"<p>A venda de ingressos do Samb\u00f3dromo para estrangeiros em 2018 ser\u00e1 menor que nos \u00faltimos anos. Passados quase dois anos da Olimp\u00edada Rio 2016, o pa\u00eds come\u00e7a a sair do mapa tur\u00edstico internacional, segundo a Associa\u00e7\u00e3o Brasileira de Ag\u00eancias de Viagens (Abav) do Rio de Janeiro. A entidade \u00e9 respons\u00e1vel pela venda do melhor camarote [&hellip;]<\/p>\n","protected":false},"author":96,"featured_media":90841,"comment_status":"closed","ping_status":"closed","sticky":false,"template":"","format":"standard","meta":{"footnotes":""},"categories":[302],"tags":[],"class_list":["post-90842","post","type-post","status-publish","format-standard","has-post-thumbnail","hentry","category-brasil-mundo"],"_links":{"self":[{"href":"https:\/\/diarioregionaldigital.com.br\/index.php?rest_route=\/wp\/v2\/posts\/90842","targetHints":{"allow":["GET"]}}],"collection":[{"href":"https:\/\/diarioregionaldigital.com.br\/index.php?rest_route=\/wp\/v2\/posts"}],"about":[{"href":"https:\/\/diarioregionaldigital.com.br\/index.php?rest_route=\/wp\/v2\/types\/post"}],"author":[{"embeddable":true,"href":"https:\/\/diarioregionaldigital.com.br\/index.php?rest_route=\/wp\/v2\/users\/96"}],"replies":[{"embeddable":true,"href":"https:\/\/diarioregionaldigital.com.br\/index.php?rest_route=%2Fwp%2Fv2%2Fcomments&post=90842"}],"version-history":[{"count":0,"href":"https:\/\/diarioregionaldigital.com.br\/index.php?rest_route=\/wp\/v2\/posts\/90842\/revisions"}],"wp:featuredmedia":[{"embeddable":true,"href":"https:\/\/diarioregionaldigital.com.br\/index.php?rest_route=\/wp\/v2\/media\/90841"}],"wp:attachment":[{"href":"https:\/\/diarioregionaldigital.com.br\/index.php?rest_route=%2Fwp%2Fv2%2Fmedia&parent=90842"}],"wp:term":[{"taxonomy":"category","embeddable":true,"href":"https:\/\/diarioregionaldigital.com.br\/index.php?rest_route=%2Fwp%2Fv2%2Fcategories&post=90842"},{"taxonomy":"post_tag","embeddable":true,"href":"https:\/\/diarioregionaldigital.com.br\/index.php?rest_route=%2Fwp%2Fv2%2Ftags&post=90842"}],"curies":[{"name":"wp","href":"https:\/\/api.w.org\/{rel}","templated":true}]}}