{"id":90840,"date":"2018-01-31T17:23:15","date_gmt":"2018-01-31T19:23:15","guid":{"rendered":"http:\/\/diarioregionaljf.com.br\/2018\/01\/31\/dupla-armada-rouba-r-500-em-estabelecimento-comercial-no-centro\/"},"modified":"2018-01-31T17:23:15","modified_gmt":"2018-01-31T19:23:15","slug":"dupla-armada-rouba-r-500-em-estabelecimento-comercial-no-centro","status":"publish","type":"post","link":"https:\/\/diarioregionaldigital.com.br\/?p=90840","title":{"rendered":"Dupla armada rouba R$500 em estabelecimento comercial no Centro"},"content":{"rendered":"<p>Dois homens armados roubaram um estabelecimento comercial localizado na Avenida Rio Branco, regi\u00e3o central, no in\u00edcio da tarde dessa ter\u00e7a-feira, 30.<\/p>\n<p>De acordo com informa\u00e7\u00f5es da Pol\u00edcia Militar (PM), a v\u00edtima, uma mulher de 35 anos, relatou que os dois assaltantes, um deles portando uma garrucha, entraram na loja e anunciaram o assalto. Com a arma apontada para ela, a dupla subtraiu a quantia de R$500 em dinheiro.<\/p>\n<p>Os autores fugiram a p\u00e9, sentido \u00e0 Rua Dem\u00e9trius Francisco. Militares realizaram rastreamento, mas eles n\u00e3o foram localizados. A v\u00edtima foi orientada sobre as demais provid\u00eancias.<\/p>\n","protected":false},"excerpt":{"rendered":"<p>Dois homens armados roubaram um estabelecimento comercial localizado na Avenida Rio Branco, regi\u00e3o central, no in\u00edcio da tarde dessa ter\u00e7a-feira, 30. De acordo com informa\u00e7\u00f5es da Pol\u00edcia Militar (PM), a v\u00edtima, uma mulher de 35 anos, relatou que os dois assaltantes, um deles portando uma garrucha, entraram na loja e anunciaram o assalto. Com a [&hellip;]<\/p>\n","protected":false},"author":96,"featured_media":90839,"comment_status":"closed","ping_status":"closed","sticky":false,"template":"","format":"standard","meta":{"footnotes":""},"categories":[301],"tags":[],"class_list":["post-90840","post","type-post","status-publish","format-standard","has-post-thumbnail","hentry","category-artigos-policiais"],"_links":{"self":[{"href":"https:\/\/diarioregionaldigital.com.br\/index.php?rest_route=\/wp\/v2\/posts\/90840","targetHints":{"allow":["GET"]}}],"collection":[{"href":"https:\/\/diarioregionaldigital.com.br\/index.php?rest_route=\/wp\/v2\/posts"}],"about":[{"href":"https:\/\/diarioregionaldigital.com.br\/index.php?rest_route=\/wp\/v2\/types\/post"}],"author":[{"embeddable":true,"href":"https:\/\/diarioregionaldigital.com.br\/index.php?rest_route=\/wp\/v2\/users\/96"}],"replies":[{"embeddable":true,"href":"https:\/\/diarioregionaldigital.com.br\/index.php?rest_route=%2Fwp%2Fv2%2Fcomments&post=90840"}],"version-history":[{"count":0,"href":"https:\/\/diarioregionaldigital.com.br\/index.php?rest_route=\/wp\/v2\/posts\/90840\/revisions"}],"wp:featuredmedia":[{"embeddable":true,"href":"https:\/\/diarioregionaldigital.com.br\/index.php?rest_route=\/wp\/v2\/media\/90839"}],"wp:attachment":[{"href":"https:\/\/diarioregionaldigital.com.br\/index.php?rest_route=%2Fwp%2Fv2%2Fmedia&parent=90840"}],"wp:term":[{"taxonomy":"category","embeddable":true,"href":"https:\/\/diarioregionaldigital.com.br\/index.php?rest_route=%2Fwp%2Fv2%2Fcategories&post=90840"},{"taxonomy":"post_tag","embeddable":true,"href":"https:\/\/diarioregionaldigital.com.br\/index.php?rest_route=%2Fwp%2Fv2%2Ftags&post=90840"}],"curies":[{"name":"wp","href":"https:\/\/api.w.org\/{rel}","templated":true}]}}