{"id":90834,"date":"2018-01-31T17:07:40","date_gmt":"2018-01-31T19:07:40","guid":{"rendered":"http:\/\/diarioregionaljf.com.br\/2018\/01\/31\/trio-e-preso-por-trafico-de-drogas-no-alto-bairu\/"},"modified":"2018-01-31T17:07:40","modified_gmt":"2018-01-31T19:07:40","slug":"trio-e-preso-por-trafico-de-drogas-no-alto-bairu","status":"publish","type":"post","link":"https:\/\/diarioregionaldigital.com.br\/?p=90834","title":{"rendered":"Trio \u00e9 preso por tr\u00e1fico de drogas no Alto Bairu"},"content":{"rendered":"<p>Tr\u00eas homens, de 18, 20 e 29 anos, foram presos por tr\u00e1fico de drogas no bairro Alto Bairu, zona Leste, na tarde dessa ter\u00e7a-feira, 30. De acordo com o Boletim de Ocorr\u00eancia (BO) da Pol\u00edcia Militar (PM), os suspeitos foram abordados durante cerco a um im\u00f3vel utilizado para o com\u00e9rcio de entorpecentes na Rua Severino Belford.<\/p>\n<p>Enterrados em um terreno baldio existente no local, foram localizados, com ajuda de c\u00e3es farejadores, dois inv\u00f3lucros pl\u00e1sticos contendo 14 tabletes e 24 buchas (prontas para a venda) de maconha, al\u00e9m de 11 papelotes de coca\u00edna.<\/p>\n<p>Ainda de acordo com o BO, den\u00fancias d\u00e3o conta de que o adolescente de 18 \u00e9 tratado como chefe do tr\u00e1fico e que o jovem de 20 comercializa os entorpecentes na referida rua.<\/p>\n<p>Os autores foram presos em flagrante e conduzidos \u00e0 delegacia de Pol\u00edcia Civil (PC), juntamente com o material apreendido, para as provid\u00eancias cab\u00edveis.<\/p>\n","protected":false},"excerpt":{"rendered":"<p>Tr\u00eas homens, de 18, 20 e 29 anos, foram presos por tr\u00e1fico de drogas no bairro Alto Bairu, zona Leste, na tarde dessa ter\u00e7a-feira, 30. De acordo com o Boletim de Ocorr\u00eancia (BO) da Pol\u00edcia Militar (PM), os suspeitos foram abordados durante cerco a um im\u00f3vel utilizado para o com\u00e9rcio de entorpecentes na Rua Severino [&hellip;]<\/p>\n","protected":false},"author":96,"featured_media":90833,"comment_status":"closed","ping_status":"closed","sticky":false,"template":"","format":"standard","meta":{"footnotes":""},"categories":[301],"tags":[],"class_list":["post-90834","post","type-post","status-publish","format-standard","has-post-thumbnail","hentry","category-artigos-policiais"],"_links":{"self":[{"href":"https:\/\/diarioregionaldigital.com.br\/index.php?rest_route=\/wp\/v2\/posts\/90834","targetHints":{"allow":["GET"]}}],"collection":[{"href":"https:\/\/diarioregionaldigital.com.br\/index.php?rest_route=\/wp\/v2\/posts"}],"about":[{"href":"https:\/\/diarioregionaldigital.com.br\/index.php?rest_route=\/wp\/v2\/types\/post"}],"author":[{"embeddable":true,"href":"https:\/\/diarioregionaldigital.com.br\/index.php?rest_route=\/wp\/v2\/users\/96"}],"replies":[{"embeddable":true,"href":"https:\/\/diarioregionaldigital.com.br\/index.php?rest_route=%2Fwp%2Fv2%2Fcomments&post=90834"}],"version-history":[{"count":0,"href":"https:\/\/diarioregionaldigital.com.br\/index.php?rest_route=\/wp\/v2\/posts\/90834\/revisions"}],"wp:featuredmedia":[{"embeddable":true,"href":"https:\/\/diarioregionaldigital.com.br\/index.php?rest_route=\/wp\/v2\/media\/90833"}],"wp:attachment":[{"href":"https:\/\/diarioregionaldigital.com.br\/index.php?rest_route=%2Fwp%2Fv2%2Fmedia&parent=90834"}],"wp:term":[{"taxonomy":"category","embeddable":true,"href":"https:\/\/diarioregionaldigital.com.br\/index.php?rest_route=%2Fwp%2Fv2%2Fcategories&post=90834"},{"taxonomy":"post_tag","embeddable":true,"href":"https:\/\/diarioregionaldigital.com.br\/index.php?rest_route=%2Fwp%2Fv2%2Ftags&post=90834"}],"curies":[{"name":"wp","href":"https:\/\/api.w.org\/{rel}","templated":true}]}}