{"id":90830,"date":"2018-01-31T16:59:30","date_gmt":"2018-01-31T18:59:30","guid":{"rendered":"http:\/\/diarioregionaljf.com.br\/2018\/01\/31\/venezuela-lanca-criptomoeda-com-lastro-em-ativos-petroliferos\/"},"modified":"2018-01-31T16:59:30","modified_gmt":"2018-01-31T18:59:30","slug":"venezuela-lanca-criptomoeda-com-lastro-em-ativos-petroliferos","status":"publish","type":"post","link":"https:\/\/diarioregionaldigital.com.br\/?p=90830","title":{"rendered":"Venezuela lan\u00e7a criptomoeda com lastro em &#8220;ativos petrol\u00edferos&#8221;"},"content":{"rendered":"<p>O presidente da Venezuela, Nicol\u00e1s Maduro, anunciou nessa ter\u00e7a-feira, 30, que no dia 20 de fevereiro come\u00e7ar\u00e1 a pr\u00e9-venda da criptomoeda venezuelana, batizada de \u201cpetro\u201d, e informou que nesta quarta-feira, 31, ser\u00e3o divulgadas as condi\u00e7\u00f5es de funcionamento deste dinheiro digital. A informa\u00e7\u00e3o \u00e9 da EFE.<\/p>\n<p>A emiss\u00e3o da criptomoeda, anunciada por Maduro no final do ano passado, conta com &#8220;ativos petrol\u00edferos&#8221; como lastro, segundo o pr\u00f3prio presidente. Ele declarou que a petro, no in\u00edcio, ter\u00e1 como respaldo &#8220;a riqueza do campo I do bloco Ayacucho da faixa petrol\u00edfera do Orinoco&#8221; e destacou que cada unidade dessa criptomoeda equivale ao pre\u00e7o de um barril de petr\u00f3leo.<\/p>\n<p>O l\u00edder venezuelano apresentou, al\u00e9m disso, o &#8220;white paper&#8221; ou \u201clivro branco\u201d, em que s\u00e3o &#8220;mostradas todas as condi\u00e7\u00f5es de cria\u00e7\u00e3o, funcionamento e respaldo da criptomoeda&#8221;.<\/p>\n<p>Ao ler alguns dos pontos contidos no livro, Maduro disse que &#8220;poder\u00e3o ser adquiridos petros em pr\u00e9-venda, na oferta inicial e no mercado secund\u00e1rio, uma vez conclu\u00eddo o processo de venda inicial&#8221; e que &#8220;o total de petros emitidos em circula\u00e7\u00e3o durante o primeiro ano ser\u00e1 de mais de 100 bilh\u00f5es de petros&#8221;.<\/p>\n<h4>&nbsp;<\/h4>\n<h4>SISTEMA MAIS JUSTO<\/h4>\n<p>O \u201clivro branco\u201d foi criado por &#8220;especialistas nacionais e mundiais&#8221;, afirmou o presidente venezuelano, para quem o petro &#8220;servir\u00e1 como plataforma para o crescimento de um sistema financeiro mais justo e favor\u00e1vel ao sistema financeiro nacional&#8221;.<\/p>\n<p>&#8220;A moeda ser\u00e1 negociada de forma segura e direta para evitar bloqueios e embargos&#8221; e &#8220;evitar\u00e1 o alto custo transacional das companhias e bancos processadores de pagamento&#8221;, acrescentou Maduro, al\u00e9m de ressaltar que &#8220;o petro estar\u00e1 dispon\u00edvel de maneira livre em casas de c\u00e2mbio eletr\u00f4nico no mundo todo&#8221;.<\/p>\n<p>O governo venezuelano come\u00e7ar\u00e1 a venda com um &#8220;token (dispositivo eletr\u00f4nico gerador de senhas, geralmente sem conex\u00e3o f\u00edsica com o computador) de caracter\u00edsticas ERC20&#8221;, e que hoje \u201co ministro da Educa\u00e7\u00e3o Universit\u00e1ria, Ci\u00eancia e Tecnologia, Hugbel Roa, e o superintendente da criptomoeda, Carlos Vargas, dar\u00e3o detalhes a respeito\u201d.<\/p>\n<p>Mais informa\u00e7\u00f5es sobre a criptomoeda ser\u00e3o divulgadas no portal http:\/\/www.elpetro.gov.ve.<\/p>\n<p>Fonte: Ag\u00eancia Brasil<\/p>\n","protected":false},"excerpt":{"rendered":"<p>O presidente da Venezuela, Nicol\u00e1s Maduro, anunciou nessa ter\u00e7a-feira, 30, que no dia 20 de fevereiro come\u00e7ar\u00e1 a pr\u00e9-venda da criptomoeda venezuelana, batizada de \u201cpetro\u201d, e informou que nesta quarta-feira, 31, ser\u00e3o divulgadas as condi\u00e7\u00f5es de funcionamento deste dinheiro digital. A informa\u00e7\u00e3o \u00e9 da EFE. A emiss\u00e3o da criptomoeda, anunciada por Maduro no final do [&hellip;]<\/p>\n","protected":false},"author":96,"featured_media":90829,"comment_status":"closed","ping_status":"closed","sticky":false,"template":"","format":"standard","meta":{"footnotes":""},"categories":[302],"tags":[],"class_list":["post-90830","post","type-post","status-publish","format-standard","has-post-thumbnail","hentry","category-brasil-mundo"],"_links":{"self":[{"href":"https:\/\/diarioregionaldigital.com.br\/index.php?rest_route=\/wp\/v2\/posts\/90830","targetHints":{"allow":["GET"]}}],"collection":[{"href":"https:\/\/diarioregionaldigital.com.br\/index.php?rest_route=\/wp\/v2\/posts"}],"about":[{"href":"https:\/\/diarioregionaldigital.com.br\/index.php?rest_route=\/wp\/v2\/types\/post"}],"author":[{"embeddable":true,"href":"https:\/\/diarioregionaldigital.com.br\/index.php?rest_route=\/wp\/v2\/users\/96"}],"replies":[{"embeddable":true,"href":"https:\/\/diarioregionaldigital.com.br\/index.php?rest_route=%2Fwp%2Fv2%2Fcomments&post=90830"}],"version-history":[{"count":0,"href":"https:\/\/diarioregionaldigital.com.br\/index.php?rest_route=\/wp\/v2\/posts\/90830\/revisions"}],"wp:featuredmedia":[{"embeddable":true,"href":"https:\/\/diarioregionaldigital.com.br\/index.php?rest_route=\/wp\/v2\/media\/90829"}],"wp:attachment":[{"href":"https:\/\/diarioregionaldigital.com.br\/index.php?rest_route=%2Fwp%2Fv2%2Fmedia&parent=90830"}],"wp:term":[{"taxonomy":"category","embeddable":true,"href":"https:\/\/diarioregionaldigital.com.br\/index.php?rest_route=%2Fwp%2Fv2%2Fcategories&post=90830"},{"taxonomy":"post_tag","embeddable":true,"href":"https:\/\/diarioregionaldigital.com.br\/index.php?rest_route=%2Fwp%2Fv2%2Ftags&post=90830"}],"curies":[{"name":"wp","href":"https:\/\/api.w.org\/{rel}","templated":true}]}}