{"id":90828,"date":"2018-01-31T16:54:40","date_gmt":"2018-01-31T18:54:40","guid":{"rendered":"http:\/\/diarioregionaljf.com.br\/2018\/01\/31\/trump-diz-que-corte-de-impostos-foi-maior-conquista-de-2017\/"},"modified":"2018-01-31T16:54:40","modified_gmt":"2018-01-31T18:54:40","slug":"trump-diz-que-corte-de-impostos-foi-maior-conquista-de-2017","status":"publish","type":"post","link":"https:\/\/diarioregionaldigital.com.br\/?p=90828","title":{"rendered":"Trump diz que corte de impostos foi maior conquista de 2017"},"content":{"rendered":"<p>Em sua estreia no tradicional \u201cState of the Union\u201d (discurso da Uni\u00e3o) \u2013 como \u00e9 chamado o pronunciamento de presta\u00e7\u00e3o de contas feito anualmente pelos presidentes norte-americanos perante o Congresso \u2013, Donald Trump ressaltou como principal conquista a reforma tribut\u00e1ria. Ele disse que neste segundo ano de governo, o pa\u00eds viver\u00e1 um \u201cnovo momento\u201d, acrescentando que neste ano quer a vota\u00e7\u00e3o de uma reforma migrat\u00f3ria que priorize os interesses dos americanos, repetindo o tom nacionalista: \u201cAm\u00e9rica primeiro\u201d.<\/p>\n<p>Sobre o corte de impostos votado no Congresso, afirmou que a lei, assinada em dezembro de 2017, \u201cvai proporcionar enorme al\u00edvio para a classe m\u00e9dia e as pequenas empresas.&#8221;<\/p>\n<p>Ele disse ainda que as medidas de desregulamenta\u00e7\u00e3o, que acabaram com as restri\u00e7\u00f5es para gera\u00e7\u00e3o de energia, representam a retirada de \u201centraves\u201d ao crescimento, ao referir-se \u00e0 elimina\u00e7\u00e3o de regras deixadas como heran\u00e7a por Barack Obama.<\/p>\n<p>A gest\u00e3o anterior havia restringido e criado barreiras para adequar a produ\u00e7\u00e3o de energia f\u00f3ssil ao acordo global sobre o clima \u2013 compromisso que Trump desfez nesse primeiro ano.<\/p>\n<p>O presidente destacou que todas as mudan\u00e7as na condu\u00e7\u00e3o econ\u00f4mica e desregulamenta\u00e7\u00e3o levaram o pa\u00eds a uma nova fase. \u201cNunca houve melhor momento para come\u00e7ar a viver o sonho americano&#8221;. Lembrou que o pa\u00eds celebra a gera\u00e7\u00e3o de 2,4 milh\u00f5es de novos empregos em 2017, com sal\u00e1rios melhores.<\/p>\n<p>Durante quase uma hora, ele fez um balan\u00e7o do governo, mas tamb\u00e9m pediu apoio ao Congresso para dois temas principais neste segundo ano: imigra\u00e7\u00e3o e infraestrutura. &#8220;Estou pedindo que ambas as partes se re\u00fanam para dar a infraestrutura segura, r\u00e1pida, confi\u00e1vel e moderna \u00e0s necessidades da economia que nosso povo merece&#8221;.<\/p>\n<p>O presidente norte-americano afirmou que as mudan\u00e7as na imigra\u00e7\u00e3o incluem US$25 bilh\u00f5es para a seguran\u00e7a nas fronteiras, em refer\u00eancia ao muro fronteiri\u00e7o com o M\u00e9xico. Ele disse que quer limitar a base familiar &#8220;cadeia&#8221;, restringindo benef\u00edcios de dependentes de visto de resid\u00eancia para c\u00f4njuges e filhos menores, reafirmando que pretende valorizar a imigra\u00e7\u00e3o por m\u00e9rito.<\/p>\n<p>Ao falar de imigra\u00e7\u00e3o, foi vaiado por alguns parlamentares democratas. Mas Trump pediu que integrantes dos dois partidos &#8211; democratas e republicanos &#8211; superem diferen\u00e7as e trabalhem em conjunto para proteger os cidad\u00e3os de todas as origens, cor e religi\u00e3o.<\/p>\n<p>Donald Trump prometeu ampliar a ofensiva contra o Estado Isl\u00e2mico e investir em seguran\u00e7a. Defendeu a segunda emenda constitucional \u2013 que garante o direito de cada cidad\u00e3o do pa\u00eds a portar e usar uma arma para seguran\u00e7a pessoal e disse que o pa\u00eds entrar\u00e1 em fase de crescimento.<\/p>\n<p>Ele falou tamb\u00e9m sobre a pris\u00e3o de Guant\u00e1namo, em Cuba, afirmando que vai &#8220;reexaminar a pol\u00edtica de deten\u00e7\u00e3o militar&#8221; e manter abertas as instala\u00e7\u00f5es do pres\u00eddio.<\/p>\n<p>Al\u00e9m de manifesta\u00e7\u00f5es em determinados momentos contra o discurso, democratas compareceram ao Congresso vestidos de preto, em apoio ao movimento #TimesUp, que combate o ass\u00e9dio e abuso sexual.<\/p>\n<p>Em Washington tamb\u00e9m houve protestos do lado de fora do Congresso, e manifestantes pediram o impeachment do presidente. Uma frase que acusa o presidente de ter assediado sexualmente 20 mulheres foi projetada na fachada do Hotel Internacional Donald Trump.<\/p>\n<p>Desde o in\u00edcio das primeiras den\u00fancias contra ele, Trump nega e diz que as mulheres que o denunciaram proliferam acusa\u00e7\u00f5es \u201cfalsas\u201d. Ele acusa os jornais que divulgaram as den\u00fancias de produzir \u201cnot\u00edcias falsas\u201d.<\/p>\n<p>O presidente n\u00e3o entrou em temas pol\u00eamicos, como as den\u00fancias de que o governo russo teria interferido nas elei\u00e7\u00f5es americanas em favor de sua candidatura, contra a candidata democrata Hillary Clinton.<\/p>\n<p>Fonte: Ag\u00eancia Brasil<\/p>\n","protected":false},"excerpt":{"rendered":"<p>Em sua estreia no tradicional \u201cState of the Union\u201d (discurso da Uni\u00e3o) \u2013 como \u00e9 chamado o pronunciamento de presta\u00e7\u00e3o de contas feito anualmente pelos presidentes norte-americanos perante o Congresso \u2013, Donald Trump ressaltou como principal conquista a reforma tribut\u00e1ria. Ele disse que neste segundo ano de governo, o pa\u00eds viver\u00e1 um \u201cnovo momento\u201d, acrescentando [&hellip;]<\/p>\n","protected":false},"author":96,"featured_media":90827,"comment_status":"closed","ping_status":"closed","sticky":false,"template":"","format":"standard","meta":{"footnotes":""},"categories":[302],"tags":[],"class_list":["post-90828","post","type-post","status-publish","format-standard","has-post-thumbnail","hentry","category-brasil-mundo"],"_links":{"self":[{"href":"https:\/\/diarioregionaldigital.com.br\/index.php?rest_route=\/wp\/v2\/posts\/90828","targetHints":{"allow":["GET"]}}],"collection":[{"href":"https:\/\/diarioregionaldigital.com.br\/index.php?rest_route=\/wp\/v2\/posts"}],"about":[{"href":"https:\/\/diarioregionaldigital.com.br\/index.php?rest_route=\/wp\/v2\/types\/post"}],"author":[{"embeddable":true,"href":"https:\/\/diarioregionaldigital.com.br\/index.php?rest_route=\/wp\/v2\/users\/96"}],"replies":[{"embeddable":true,"href":"https:\/\/diarioregionaldigital.com.br\/index.php?rest_route=%2Fwp%2Fv2%2Fcomments&post=90828"}],"version-history":[{"count":0,"href":"https:\/\/diarioregionaldigital.com.br\/index.php?rest_route=\/wp\/v2\/posts\/90828\/revisions"}],"wp:featuredmedia":[{"embeddable":true,"href":"https:\/\/diarioregionaldigital.com.br\/index.php?rest_route=\/wp\/v2\/media\/90827"}],"wp:attachment":[{"href":"https:\/\/diarioregionaldigital.com.br\/index.php?rest_route=%2Fwp%2Fv2%2Fmedia&parent=90828"}],"wp:term":[{"taxonomy":"category","embeddable":true,"href":"https:\/\/diarioregionaldigital.com.br\/index.php?rest_route=%2Fwp%2Fv2%2Fcategories&post=90828"},{"taxonomy":"post_tag","embeddable":true,"href":"https:\/\/diarioregionaldigital.com.br\/index.php?rest_route=%2Fwp%2Fv2%2Ftags&post=90828"}],"curies":[{"name":"wp","href":"https:\/\/api.w.org\/{rel}","templated":true}]}}