{"id":90822,"date":"2018-01-31T13:22:28","date_gmt":"2018-01-31T15:22:28","guid":{"rendered":"http:\/\/diarioregionaljf.com.br\/2018\/01\/31\/assaltantes-tentam-roubar-loja-mas-fogem-apos-funcionario-ameaca-los-com-tesoura\/"},"modified":"2018-01-31T13:22:28","modified_gmt":"2018-01-31T15:22:28","slug":"assaltantes-tentam-roubar-loja-mas-fogem-apos-funcionario-ameaca-los-com-tesoura","status":"publish","type":"post","link":"https:\/\/diarioregionaldigital.com.br\/?p=90822","title":{"rendered":"Assaltantes tentam roubar loja, mas fogem ap\u00f3s funcion\u00e1rio amea\u00e7\u00e1-los com tesoura"},"content":{"rendered":"<p>Um homem de 46 anos foi v\u00edtima de uma tentativa de assaltado durante o trabalho na tarde desta ter\u00e7a-feira, 30, no bairro Olavo Costa, zona sudeste da cidade.<\/p>\n<p>Segundo informa\u00e7\u00f5es da Pol\u00edcia Militar (PM), o homem que \u00e9 funcion\u00e1rio de um estabelecimento comercial, foi abordado por dois indiv\u00edduos que invadiram a loja, que fica localizada na Rua Ab\u00edlio Jos\u00e9 Gomes.<\/p>\n<p>Um dos autores utilizava touca ninja e o outro portava um cano, fingindo estar armado. A dupla jogou uma sacola pl\u00e1stica sobre o balc\u00e3o da loja e exigiu que o funcion\u00e1rio colocasse todo o dinheiro do caixa dentro.<\/p>\n<p>A v\u00edtima explicou, por\u00e9m, que naquele momento estava sem dinheiro. Os autores continuaram insistindo e exigiram ent\u00e3o, todos os ma\u00e7os de cigarro que estavam \u00e0 venda no local.<\/p>\n<p>Em determinado instante a v\u00edtima se deslocou at\u00e9 um c\u00f4modo nos fundos do estabelecimento como se fosse buscar os cigarros, entretanto ao retornar, voltou com uma tesoura nas m\u00e3os e seguiu em dire\u00e7\u00e3o aos assaltantes.<\/p>\n<p>Os autores se assustaram com a a\u00e7\u00e3o do homem e ao visualizarem a tesoura fugiram do local em dire\u00e7\u00e3o \u00e0 Rua Carneiro da Silva.<\/p>\n<p>Ap\u00f3s a fuga os moradores do bairro seguiram atr\u00e1s dos autores, conseguindo alcan\u00e7ar um deles. O assaltante, de 38 anos, foi reconhecido pela v\u00edtima, mesmo tendo trocado de camisa durante a fuga.<\/p>\n<p>A PM foi acionada e em entrevista com os policiais o autor confirmou que tentou praticar o assalto, entretanto, afirmou que n\u00e3o conhece o outro autor. Explicou que ambos s\u00e3o usu\u00e1rios de drogas e que ficam perambulando pelas ruas sem rumo.<\/p>\n<p>O autor foi preso e encaminhado para a delegacia.<\/p>\n<p>A v\u00edtima tamb\u00e9m compareceu \u00e0 delegacia para realiza\u00e7\u00e3o do registro da ocorr\u00eancia.<\/p>\n","protected":false},"excerpt":{"rendered":"<p>Um homem de 46 anos foi v\u00edtima de uma tentativa de assaltado durante o trabalho na tarde desta ter\u00e7a-feira, 30, no bairro Olavo Costa, zona sudeste da cidade. Segundo informa\u00e7\u00f5es da Pol\u00edcia Militar (PM), o homem que \u00e9 funcion\u00e1rio de um estabelecimento comercial, foi abordado por dois indiv\u00edduos que invadiram a loja, que fica localizada [&hellip;]<\/p>\n","protected":false},"author":96,"featured_media":90821,"comment_status":"closed","ping_status":"closed","sticky":false,"template":"","format":"standard","meta":{"footnotes":""},"categories":[301],"tags":[],"class_list":["post-90822","post","type-post","status-publish","format-standard","has-post-thumbnail","hentry","category-artigos-policiais"],"_links":{"self":[{"href":"https:\/\/diarioregionaldigital.com.br\/index.php?rest_route=\/wp\/v2\/posts\/90822","targetHints":{"allow":["GET"]}}],"collection":[{"href":"https:\/\/diarioregionaldigital.com.br\/index.php?rest_route=\/wp\/v2\/posts"}],"about":[{"href":"https:\/\/diarioregionaldigital.com.br\/index.php?rest_route=\/wp\/v2\/types\/post"}],"author":[{"embeddable":true,"href":"https:\/\/diarioregionaldigital.com.br\/index.php?rest_route=\/wp\/v2\/users\/96"}],"replies":[{"embeddable":true,"href":"https:\/\/diarioregionaldigital.com.br\/index.php?rest_route=%2Fwp%2Fv2%2Fcomments&post=90822"}],"version-history":[{"count":0,"href":"https:\/\/diarioregionaldigital.com.br\/index.php?rest_route=\/wp\/v2\/posts\/90822\/revisions"}],"wp:featuredmedia":[{"embeddable":true,"href":"https:\/\/diarioregionaldigital.com.br\/index.php?rest_route=\/wp\/v2\/media\/90821"}],"wp:attachment":[{"href":"https:\/\/diarioregionaldigital.com.br\/index.php?rest_route=%2Fwp%2Fv2%2Fmedia&parent=90822"}],"wp:term":[{"taxonomy":"category","embeddable":true,"href":"https:\/\/diarioregionaldigital.com.br\/index.php?rest_route=%2Fwp%2Fv2%2Fcategories&post=90822"},{"taxonomy":"post_tag","embeddable":true,"href":"https:\/\/diarioregionaldigital.com.br\/index.php?rest_route=%2Fwp%2Fv2%2Ftags&post=90822"}],"curies":[{"name":"wp","href":"https:\/\/api.w.org\/{rel}","templated":true}]}}