{"id":90820,"date":"2018-01-31T12:12:16","date_gmt":"2018-01-31T14:12:16","guid":{"rendered":"http:\/\/diarioregionaljf.com.br\/2018\/01\/31\/acidente-entre-carro-e-caminhao-deixa-duas-vitimas-fatais-proximo-a-lima-duarte\/"},"modified":"2018-01-31T12:12:16","modified_gmt":"2018-01-31T14:12:16","slug":"acidente-entre-carro-e-caminhao-deixa-duas-vitimas-fatais-proximo-a-lima-duarte","status":"publish","type":"post","link":"https:\/\/diarioregionaldigital.com.br\/?p=90820","title":{"rendered":"Acidente entre carro e caminh\u00e3o deixa duas v\u00edtimas fatais pr\u00f3ximo a Lima Duarte"},"content":{"rendered":"<p>Um acidente envolvendo um carro e um caminh\u00e3o deixou duas v\u00edtimas fatais na tarde desta ter\u00e7a-feira, 30, na altura do KM 145 da BR 267, pr\u00f3ximo a cidade de Lima Duarte.<\/p>\n<p>De acordo com informa\u00e7\u00f5es da Pol\u00edcia Rodovi\u00e1ria Federal (PRF), o ve\u00edculo Palio perdeu o controle direcional e invadiu a faixa de rolamento oposta, vindo a colidir de frente com o caminh\u00e3o Ford Cargo, com placa de Muria\u00e9. O motorista do Palio, de 37 anos e um jovem de 15 anos, que estava de carona, morreram no local. O motorista do caminh\u00e3o, de 29 anos, n\u00e3o sofreu nenhum ferimento.<\/p>\n<p>A PRF ressalta que durante o acidente chovia forte e o Palio estava com os pneus traseiros sem condi\u00e7\u00f5es m\u00ednimas de seguran\u00e7a.<\/p>\n<p>As v\u00edtimas eram conhecidas de um povoado conhecido como Manejo e que fica localizado \u00e0s margens da BR 267.<\/p>\n","protected":false},"excerpt":{"rendered":"<p>Um acidente envolvendo um carro e um caminh\u00e3o deixou duas v\u00edtimas fatais na tarde desta ter\u00e7a-feira, 30, na altura do KM 145 da BR 267, pr\u00f3ximo a cidade de Lima Duarte. De acordo com informa\u00e7\u00f5es da Pol\u00edcia Rodovi\u00e1ria Federal (PRF), o ve\u00edculo Palio perdeu o controle direcional e invadiu a faixa de rolamento oposta, vindo [&hellip;]<\/p>\n","protected":false},"author":96,"featured_media":90819,"comment_status":"closed","ping_status":"closed","sticky":false,"template":"","format":"standard","meta":{"footnotes":""},"categories":[252],"tags":[],"class_list":["post-90820","post","type-post","status-publish","format-standard","has-post-thumbnail","hentry","category-regiao"],"_links":{"self":[{"href":"https:\/\/diarioregionaldigital.com.br\/index.php?rest_route=\/wp\/v2\/posts\/90820","targetHints":{"allow":["GET"]}}],"collection":[{"href":"https:\/\/diarioregionaldigital.com.br\/index.php?rest_route=\/wp\/v2\/posts"}],"about":[{"href":"https:\/\/diarioregionaldigital.com.br\/index.php?rest_route=\/wp\/v2\/types\/post"}],"author":[{"embeddable":true,"href":"https:\/\/diarioregionaldigital.com.br\/index.php?rest_route=\/wp\/v2\/users\/96"}],"replies":[{"embeddable":true,"href":"https:\/\/diarioregionaldigital.com.br\/index.php?rest_route=%2Fwp%2Fv2%2Fcomments&post=90820"}],"version-history":[{"count":0,"href":"https:\/\/diarioregionaldigital.com.br\/index.php?rest_route=\/wp\/v2\/posts\/90820\/revisions"}],"wp:featuredmedia":[{"embeddable":true,"href":"https:\/\/diarioregionaldigital.com.br\/index.php?rest_route=\/wp\/v2\/media\/90819"}],"wp:attachment":[{"href":"https:\/\/diarioregionaldigital.com.br\/index.php?rest_route=%2Fwp%2Fv2%2Fmedia&parent=90820"}],"wp:term":[{"taxonomy":"category","embeddable":true,"href":"https:\/\/diarioregionaldigital.com.br\/index.php?rest_route=%2Fwp%2Fv2%2Fcategories&post=90820"},{"taxonomy":"post_tag","embeddable":true,"href":"https:\/\/diarioregionaldigital.com.br\/index.php?rest_route=%2Fwp%2Fv2%2Ftags&post=90820"}],"curies":[{"name":"wp","href":"https:\/\/api.w.org\/{rel}","templated":true}]}}