{"id":90818,"date":"2018-01-31T11:24:09","date_gmt":"2018-01-31T13:24:09","guid":{"rendered":"http:\/\/diarioregionaljf.com.br\/2018\/01\/31\/jovem-e-vitima-de-sequestro-no-centro-de-juiz-de-fora\/"},"modified":"2018-01-31T11:24:09","modified_gmt":"2018-01-31T13:24:09","slug":"jovem-e-vitima-de-sequestro-no-centro-de-juiz-de-fora","status":"publish","type":"post","link":"https:\/\/diarioregionaldigital.com.br\/?p=90818","title":{"rendered":"Jovem \u00e9 vitima de sequestro no centro de Juiz de Fora"},"content":{"rendered":"<p>Um jovem de 17 anos foi v\u00edtima de um sequestro na noite desta ter\u00e7a-feira, 30, no centro de Juiz de Fora.<\/p>\n<p>De acordo com o registro de ocorr\u00eancias da Pol\u00edcia Militar (PM), o jovem e sua m\u00e3e encontravam-se na Rua Saint Clair de Carvalho quando foram abordados por quatro indiv\u00edduos, dois deles em uma moto e outros dois a p\u00e9.<\/p>\n<p>O grupo correu em dire\u00e7\u00e3o ao jovem e, portando facas, realizaram diversas amea\u00e7as contra a v\u00edtima. Os autores tamb\u00e9m agrediram o jovem com socos e chutes.<\/p>\n<p>Em determinado momento dois dos indiv\u00edduos partiram com a motocicleta e voltaram em um carro da marca Fiat Premium. O grupo ent\u00e3o pegou a v\u00edtima, a colocou dentro do ve\u00edculo e em seguida partiram em dire\u00e7\u00e3o \u00e0 Avenida Brasil.<\/p>\n<p>A m\u00e3e do jovem acompanhou toda a situa\u00e7\u00e3o, acionou a Pol\u00edcia Militar e relatou todos os fatos que presenciou.<\/p>\n<p>O motivo das agress\u00f5es e do sequestro contra o jovem seria que, no \u00faltimo dia 27 de janeiro, o mesmo teria roubado uma bicicleta na Pra\u00e7a Ant\u00f4nio Carlos. O jovem teria levado a bicicleta para o Bairro Olavo Costa, mais especificamente para a Rua da F\u00e9.<\/p>\n<p>Diante dos fatos, a PM iniciou buscas pela regi\u00e3o a fim de localizar a v\u00edtima do sequestro. Ap\u00f3s diversos rastreamentos o ve\u00edculo indicado pela m\u00e3e do jovem foi localizado na esquina da Rua da F\u00e9 com a Rua Oscar Kelmer Filho, no bairro Olavo Costa, zona Sudeste.<\/p>\n<p>Durante a abordagem ao ve\u00edculo, a v\u00edtima foi encontrada em seu interior, juntamente com os quatro autores.<\/p>\n<p>Durante buscas no interior do carro, a PM encontrou uma faca com l\u00e2mina de 15 cm. Os policiais apreenderam tr\u00eas celulares e o ve\u00edculo utilizado no crime.<\/p>\n<p>Os autores, um de 20 anos, dois de 21, e outro de 24 anos, foram presos e encaminhados para a delegacia.<\/p>\n<p>A v\u00edtima passou por exame de corpo de delito.<\/p>\n","protected":false},"excerpt":{"rendered":"<p>Um jovem de 17 anos foi v\u00edtima de um sequestro na noite desta ter\u00e7a-feira, 30, no centro de Juiz de Fora. De acordo com o registro de ocorr\u00eancias da Pol\u00edcia Militar (PM), o jovem e sua m\u00e3e encontravam-se na Rua Saint Clair de Carvalho quando foram abordados por quatro indiv\u00edduos, dois deles em uma moto [&hellip;]<\/p>\n","protected":false},"author":96,"featured_media":90817,"comment_status":"closed","ping_status":"closed","sticky":false,"template":"","format":"standard","meta":{"footnotes":""},"categories":[301],"tags":[],"class_list":["post-90818","post","type-post","status-publish","format-standard","has-post-thumbnail","hentry","category-artigos-policiais"],"_links":{"self":[{"href":"https:\/\/diarioregionaldigital.com.br\/index.php?rest_route=\/wp\/v2\/posts\/90818","targetHints":{"allow":["GET"]}}],"collection":[{"href":"https:\/\/diarioregionaldigital.com.br\/index.php?rest_route=\/wp\/v2\/posts"}],"about":[{"href":"https:\/\/diarioregionaldigital.com.br\/index.php?rest_route=\/wp\/v2\/types\/post"}],"author":[{"embeddable":true,"href":"https:\/\/diarioregionaldigital.com.br\/index.php?rest_route=\/wp\/v2\/users\/96"}],"replies":[{"embeddable":true,"href":"https:\/\/diarioregionaldigital.com.br\/index.php?rest_route=%2Fwp%2Fv2%2Fcomments&post=90818"}],"version-history":[{"count":0,"href":"https:\/\/diarioregionaldigital.com.br\/index.php?rest_route=\/wp\/v2\/posts\/90818\/revisions"}],"wp:featuredmedia":[{"embeddable":true,"href":"https:\/\/diarioregionaldigital.com.br\/index.php?rest_route=\/wp\/v2\/media\/90817"}],"wp:attachment":[{"href":"https:\/\/diarioregionaldigital.com.br\/index.php?rest_route=%2Fwp%2Fv2%2Fmedia&parent=90818"}],"wp:term":[{"taxonomy":"category","embeddable":true,"href":"https:\/\/diarioregionaldigital.com.br\/index.php?rest_route=%2Fwp%2Fv2%2Fcategories&post=90818"},{"taxonomy":"post_tag","embeddable":true,"href":"https:\/\/diarioregionaldigital.com.br\/index.php?rest_route=%2Fwp%2Fv2%2Ftags&post=90818"}],"curies":[{"name":"wp","href":"https:\/\/api.w.org\/{rel}","templated":true}]}}