{"id":90816,"date":"2018-01-30T22:20:18","date_gmt":"2018-01-31T00:20:18","guid":{"rendered":"http:\/\/diarioregionaljf.com.br\/2018\/01\/30\/saiba-quais-entidades-juiz-foranas-precisam-de-voluntarios\/"},"modified":"2018-01-30T22:20:18","modified_gmt":"2018-01-31T00:20:18","slug":"saiba-quais-entidades-juiz-foranas-precisam-de-voluntarios","status":"publish","type":"post","link":"https:\/\/diarioregionaldigital.com.br\/?p=90816","title":{"rendered":"Saiba quais entidades juiz-foranas precisam de volunt\u00e1rios"},"content":{"rendered":"<p>A campanha \u201cClassificados do Bem\u201d, organizada pelo projeto \u201cBem Comum\u201d da Prefeitura de Juiz de Fora (PJF) oferece vagas para volunt\u00e1rios que desejam ajudar quatro entidades assistenciais do munic\u00edpio. S\u00e3o 18 tipos de atividades diferentes a serem realizadas na Associa\u00e7\u00e3o Feminina de Preven\u00e7\u00e3o e Combate ao C\u00e2ncer (Ascomcer), Associa\u00e7\u00e3o Esp\u00edrita do Grupo Semente, Funda\u00e7\u00e3o Maria M\u00e3e e Instituto Bruno.<\/p>\n<p>Segundo a PJF, a iniciativa, lan\u00e7ada em dezembro, tem o objetivo de ligar as pessoas que querem doar seu tempo por meio do trabalho volunt\u00e1rio e as institui\u00e7\u00f5es que precisam de apoiadores para manter o atendimento, al\u00e9m de gerar uma rede positiva de apoio m\u00fatuo que pode trazer benef\u00edcios para toda a popula\u00e7\u00e3o. A campanha consiste no lan\u00e7amento mensal de an\u00fancios destes servi\u00e7os.<\/p>\n<p>A gerente de Marketing da PJF, Sabrina Santos, afirma que \u201cesse tipo de atitude tem o poder de transformar a sociedade, e toda a\u00e7\u00e3o que \u00e9<br \/>feita em benef\u00edcio do pr\u00f3ximo traz reflexos positivos para toda a&nbsp;comunidade. O trabalho volunt\u00e1rio faz bem para quem recebe, mas tamb\u00e9m \u00e9 maravilhoso para quem est\u00e1 colaborando\u201d.<\/p>\n<p>Para a diretora presidente da Funda\u00e7\u00e3o Maria M\u00e3e, Vanessa Farnezi, o projeto leva as pessoas a conhecerem as institui\u00e7\u00f5es que precisam. \u201c\u00c9 muito dif\u00edcil ficar em evid\u00eancia na m\u00eddia, mas a quantidade de volunt\u00e1rios se intensificou nos \u00faltimos dias, ap\u00f3s a divulga\u00e7\u00e3o\u201d, revela. J\u00e1 a presidente da Associa\u00e7\u00e3o Grupo Esp\u00edrita Semente, Regina Novaes, ressalta que \u201co voluntariado \u00e9 uma forma de realizar algo muito importante e positivo na vida de quem precisa, e tamb\u00e9m de transformar as pr\u00f3prias vidas com experi\u00eancias gratificantes\u201d.<\/p>\n<p>Ainda de acordo com a PJF, as entidades que necessitam de assist\u00eancia e est\u00e3o interessadas em participar da campanha podem encaminhar as vagas dispon\u00edveis para o e-mail bemcomum@pjf.mg.gov.br, com o perfil do volunt\u00e1rio que procuram e dados para cadastro. As vagas ser\u00e3o divulgadas no perfil oficial do \u201cBem Comum\u201d no facebook e no site da PJF.<\/p>\n<p>Confira as institui\u00e7\u00f5es e as vagas dispon\u00edveis para volunt\u00e1rios em Juiz de Fora:<\/p>\n<p>ASCOMCER<\/p>\n<p>Entidade civil de car\u00e1ter filantr\u00f3pico, mantenedora do Hospital \u201cMaria Jos\u00e9 Baeta Reis\u201d. Est\u00e1 localizada na Avenida Presidente Itamar Franco, 3.500, Bairro Cascatinha.<\/p>\n<p>VAGAS<\/p>\n<p>&#8211; Volunt\u00e1rios para o bazar do hospital (ajudar na organiza\u00e7\u00e3o das doa\u00e7\u00f5es recebidas e sua comercializa\u00e7\u00e3o, com valor revertido para a institui\u00e7\u00e3o)<\/p>\n<p>DIAS E HOR\u00c1RIOS:<\/p>\n<p>Quarta, quinta e sexta-feira &#8211; 8 \u00e0s 11 horas ou das 12 \u00e0s 15 horas<\/p>\n<p>&#8211; Volunt\u00e1rios para a entrega de refei\u00e7\u00f5es (distribuir almo\u00e7o para pacientes da quimioterapia, de segunda a sexta-feira, conforme normativas e orienta\u00e7\u00f5es internas)<\/p>\n<p>DIAS E HOR\u00c1RIOS:<\/p>\n<p>Segunda, ter\u00e7a, quarta, quinta e sexta-feira &#8211; 11 \u00e0s 13 horas<\/p>\n<p>Para informa\u00e7\u00f5es, os interessados devem entrar em contato com o Setor de Comunica\u00e7\u00e3o da Ascomcer, pelo telefone 3311-4030, o e-mail voluntariado@ascomcer.org.br ou enviando mensagem para o whatsapp: (32) 98402-2762.<\/p>\n<p>ASSOCIA\u00c7\u00c3O ESP\u00cdRITA DO GRUPO SEMENTE<\/p>\n<p>Fundada na d\u00e9cada de 80, no Bairro Dom Bosco, onde realiza a\u00e7\u00f5es comunit\u00e1rias, recrea\u00e7\u00e3o com crian\u00e7as e jovens e distribui\u00e7\u00e3o de sopa aos s\u00e1bados, pela manh\u00e3. Est\u00e1 localizado na Rua Belo Vale, 138, Bairro Dom Bosco.<\/p>\n<p>VAGAS DISPON\u00cdVEIS:<\/p>\n<p>Professor de viol\u00e3o<br \/>Regente de coral<br \/>Professor de dan\u00e7a<br \/>Professor de educa\u00e7\u00e3o f\u00edsica<\/p>\n<p>Para informa\u00e7\u00f5es sobre hor\u00e1rio e atribui\u00e7\u00f5es, entre em contato com Regina Novaes, pelo telefone 3232-6900, ou pelo e-mail grupo.semente@yahoo.com.br.<\/p>\n<p>FUNDA\u00c7\u00c3O MARIA M\u00c3E<\/p>\n<p>Institui\u00e7\u00e3o sem fins lucrativos, realiza trabalho de assist\u00eancia social com adultos carentes e desabrigados de Juiz de Fora, buscando ampar\u00e1-los, promov\u00ea-los e reinseri-los socialmente. Est\u00e1 localizada na Rua 32 de Maio, 36, Bairro Ladeira.<\/p>\n<p>VAGAS DISPON\u00cdVEIS:<\/p>\n<p>Cabeleireiro<br \/>Auxiliar de cozinha<br \/>Rouparia<br \/>Assessor de comunica\u00e7\u00e3o<br \/>Professor de viol\u00e3o<br \/>Advogado<br \/>Prot\u00e9tico<br \/>Professor de culin\u00e1ria<\/p>\n<p>Para informa\u00e7\u00f5es sobre hor\u00e1rio de trabalho e atribui\u00e7\u00f5es das fun\u00e7\u00f5es, entrar em contato com Vanessa Farnezi, Dayna Fontainha ou K\u00e1tia Souza, pelo telefone 3212-5072 ou pelo e-mail fundacaomariamaeopj@gmail.com.<\/p>\n<p>INSTITUTO BRUNO<\/p>\n<p>Entidade civil, de car\u00e1ter filantr\u00f3pico e sem fins lucrativos, fundada em 2000, com o objetivo de prestar atendimento cl\u00ednico e assist\u00eancia a pessoas surdocegas e com m\u00faltiplas defici\u00eancias devido \u00e0 paralisia cerebral. \u00c9 o primeiro centro de reabilita\u00e7\u00e3o integrada de Minas Gerais e o \u00fanico da Zona da Mata que presta atendimento totalmente gratuito em diversas \u00e1reas. Funciona na Avenida Laudelino Schettino, 100, Bairro Democrata.<\/p>\n<p>VAGAS DISPON\u00cdVEIS:<\/p>\n<p>Volunt\u00e1rios para separa\u00e7\u00e3o de alimentos e montagem de cestas b\u00e1sicas<br \/>Volunt\u00e1rios para o projeto \u201cCarona Amiga\u201d<br \/>Volunt\u00e1rios para atendimento (\u00e9 necess\u00e1rio ser formado em pedagogia)<br \/>Volunt\u00e1rios para ensinar artesanato \u00e0s m\u00e3es<\/p>\n<p>Os hor\u00e1rios de trabalho variam de acordo com disponibilidade de cada volunt\u00e1rio(a). Quem tiver interesse em ajudar deve ligar para o instituto, para marcar reuni\u00e3o, onde conhecer\u00e1 o trabalho a ser realizado e preencher\u00e1 ficha de inscri\u00e7\u00e3o, quando ser\u00e1 acertado o melhor dia e hor\u00e1rio para desenvolver suas fun\u00e7\u00f5es. Interessados devem contatar Cristiane Zillmann, pelo telefone 2102-4300.<\/p>\n","protected":false},"excerpt":{"rendered":"<p>A campanha \u201cClassificados do Bem\u201d, organizada pelo projeto \u201cBem Comum\u201d da Prefeitura de Juiz de Fora (PJF) oferece vagas para volunt\u00e1rios que desejam ajudar quatro entidades assistenciais do munic\u00edpio. S\u00e3o 18 tipos de atividades diferentes a serem realizadas na Associa\u00e7\u00e3o Feminina de Preven\u00e7\u00e3o e Combate ao C\u00e2ncer (Ascomcer), Associa\u00e7\u00e3o Esp\u00edrita do Grupo Semente, Funda\u00e7\u00e3o Maria [&hellip;]<\/p>\n","protected":false},"author":96,"featured_media":0,"comment_status":"closed","ping_status":"closed","sticky":false,"template":"","format":"standard","meta":{"footnotes":""},"categories":[253],"tags":[],"class_list":["post-90816","post","type-post","status-publish","format-standard","hentry","category-cidade"],"_links":{"self":[{"href":"https:\/\/diarioregionaldigital.com.br\/index.php?rest_route=\/wp\/v2\/posts\/90816","targetHints":{"allow":["GET"]}}],"collection":[{"href":"https:\/\/diarioregionaldigital.com.br\/index.php?rest_route=\/wp\/v2\/posts"}],"about":[{"href":"https:\/\/diarioregionaldigital.com.br\/index.php?rest_route=\/wp\/v2\/types\/post"}],"author":[{"embeddable":true,"href":"https:\/\/diarioregionaldigital.com.br\/index.php?rest_route=\/wp\/v2\/users\/96"}],"replies":[{"embeddable":true,"href":"https:\/\/diarioregionaldigital.com.br\/index.php?rest_route=%2Fwp%2Fv2%2Fcomments&post=90816"}],"version-history":[{"count":0,"href":"https:\/\/diarioregionaldigital.com.br\/index.php?rest_route=\/wp\/v2\/posts\/90816\/revisions"}],"wp:attachment":[{"href":"https:\/\/diarioregionaldigital.com.br\/index.php?rest_route=%2Fwp%2Fv2%2Fmedia&parent=90816"}],"wp:term":[{"taxonomy":"category","embeddable":true,"href":"https:\/\/diarioregionaldigital.com.br\/index.php?rest_route=%2Fwp%2Fv2%2Fcategories&post=90816"},{"taxonomy":"post_tag","embeddable":true,"href":"https:\/\/diarioregionaldigital.com.br\/index.php?rest_route=%2Fwp%2Fv2%2Ftags&post=90816"}],"curies":[{"name":"wp","href":"https:\/\/api.w.org\/{rel}","templated":true}]}}