{"id":90813,"date":"2018-01-30T22:11:50","date_gmt":"2018-01-31T00:11:50","guid":{"rendered":"http:\/\/diarioregionaljf.com.br\/2018\/01\/30\/ministro-do-planejamento-preve-o-ano-de-2018-muito-melhor-para-a-economia\/"},"modified":"2018-01-30T22:11:50","modified_gmt":"2018-01-31T00:11:50","slug":"ministro-do-planejamento-preve-o-ano-de-2018-muito-melhor-para-a-economia","status":"publish","type":"post","link":"https:\/\/diarioregionaldigital.com.br\/?p=90813","title":{"rendered":"Ministro do Planejamento prev\u00ea o ano de 2018 muito melhor para a economia"},"content":{"rendered":"<p>O ministro do Planejamento, Desenvolvimento e Gest\u00e3o, Dyogo Oliveira, prev\u00ea o ano de 2018 muito melhor para a economia brasileira do que 2017 e 2016. Segundo ele, este ano ser\u00e1 o primeiro de uma sequ\u00eancia de oito a 12 anos de crescimento.<\/p>\n<p>&#8220;Em 2017, a gente come\u00e7ou a sair do fundo do po\u00e7o, e 2018 \u00e9 o ano da retomada do crescimento, o que j\u00e1 est\u00e1 em grande medida contratado. Mas o n\u00f3 desse processo \u00e9 a quest\u00e3o das contas p\u00fablicas&#8221;, disse.<\/p>\n<p>Na vis\u00e3o do ministro, o resultado do d\u00e9ficit do ano passado veio melhor do que se esperava, mas n\u00e3o \u00e9 motivo para comemorar. &#8220;N\u00e3o podemos descansar. N\u00e3o \u00e9 porque foi R$34 bilh\u00f5es abaixo da meta no ano passado que vamos descansar&#8221;, disse, alertando que o pa\u00eds terminou o ano com um d\u00e9ficit de 2% do PIB e ainda h\u00e1 previs\u00e3o de que o resultado seja negativo por mais quatro anos.<\/p>\n<p>&#8220;[O d\u00e9ficit] \u00e9 resultado de alguns eventos muito especiais, e que n\u00e3o d\u00e1 para contar que acontecer\u00e3o de novo este ano\u201d. De acordo com o ministro, \u201cde agosto para frente \u00e0 receita come\u00e7ou a se recuperar e algumas a\u00e7\u00f5es que empreendemos deram certo. Os leil\u00f5es de petr\u00f3leo deram muito certo, os leil\u00f5es da Cemig deram muito certo, e tivemos alguma frustra\u00e7\u00e3o de despesa&#8221;.<\/p>\n<hr \/>\n<p>&nbsp;Fonte: Ag\u00eancia Brasil<\/p>\n","protected":false},"excerpt":{"rendered":"<p>O ministro do Planejamento, Desenvolvimento e Gest\u00e3o, Dyogo Oliveira, prev\u00ea o ano de 2018 muito melhor para a economia brasileira do que 2017 e 2016. Segundo ele, este ano ser\u00e1 o primeiro de uma sequ\u00eancia de oito a 12 anos de crescimento. &#8220;Em 2017, a gente come\u00e7ou a sair do fundo do po\u00e7o, e 2018 [&hellip;]<\/p>\n","protected":false},"author":96,"featured_media":90812,"comment_status":"closed","ping_status":"closed","sticky":false,"template":"","format":"standard","meta":{"footnotes":""},"categories":[261],"tags":[],"class_list":["post-90813","post","type-post","status-publish","format-standard","has-post-thumbnail","hentry","category-economia"],"_links":{"self":[{"href":"https:\/\/diarioregionaldigital.com.br\/index.php?rest_route=\/wp\/v2\/posts\/90813","targetHints":{"allow":["GET"]}}],"collection":[{"href":"https:\/\/diarioregionaldigital.com.br\/index.php?rest_route=\/wp\/v2\/posts"}],"about":[{"href":"https:\/\/diarioregionaldigital.com.br\/index.php?rest_route=\/wp\/v2\/types\/post"}],"author":[{"embeddable":true,"href":"https:\/\/diarioregionaldigital.com.br\/index.php?rest_route=\/wp\/v2\/users\/96"}],"replies":[{"embeddable":true,"href":"https:\/\/diarioregionaldigital.com.br\/index.php?rest_route=%2Fwp%2Fv2%2Fcomments&post=90813"}],"version-history":[{"count":0,"href":"https:\/\/diarioregionaldigital.com.br\/index.php?rest_route=\/wp\/v2\/posts\/90813\/revisions"}],"wp:featuredmedia":[{"embeddable":true,"href":"https:\/\/diarioregionaldigital.com.br\/index.php?rest_route=\/wp\/v2\/media\/90812"}],"wp:attachment":[{"href":"https:\/\/diarioregionaldigital.com.br\/index.php?rest_route=%2Fwp%2Fv2%2Fmedia&parent=90813"}],"wp:term":[{"taxonomy":"category","embeddable":true,"href":"https:\/\/diarioregionaldigital.com.br\/index.php?rest_route=%2Fwp%2Fv2%2Fcategories&post=90813"},{"taxonomy":"post_tag","embeddable":true,"href":"https:\/\/diarioregionaldigital.com.br\/index.php?rest_route=%2Fwp%2Fv2%2Ftags&post=90813"}],"curies":[{"name":"wp","href":"https:\/\/api.w.org\/{rel}","templated":true}]}}