{"id":90811,"date":"2018-01-30T22:09:45","date_gmt":"2018-01-31T00:09:45","guid":{"rendered":"http:\/\/diarioregionaljf.com.br\/2018\/01\/30\/produtos-na-saida-das-fabricas-fecham-2017-com-alta-de-precos-de-4-18\/"},"modified":"2018-01-30T22:09:45","modified_gmt":"2018-01-31T00:09:45","slug":"produtos-na-saida-das-fabricas-fecham-2017-com-alta-de-precos-de-4-18","status":"publish","type":"post","link":"https:\/\/diarioregionaldigital.com.br\/?p=90811","title":{"rendered":"Produtos na sa\u00edda das f\u00e1bricas fecham 2017 com alta de pre\u00e7os de 4,18%"},"content":{"rendered":"<p>O \u00cdndice de Pre\u00e7os ao Produtor (IPP), que calcula a varia\u00e7\u00e3o de pre\u00e7os de produtos no momento em que eles saem das f\u00e1bricas, fechou 2017 com infla\u00e7\u00e3o de 4,18%. Em 2016, o indicador havia ficado em 1,71%, segundo o Instituto Brasileiro de Geografia e Estat\u00edstica (IBGE).<\/p>\n<p>A principal respons\u00e1vel pela infla\u00e7\u00e3o dos produtos industrializados em 2017 foi \u00e0 atividade de refino de petr\u00f3leo e produtos de \u00e1lcool, cujos produtos tiveram alta de pre\u00e7os de 18,69%. Outras atividades que tiveram impacto relevante na infla\u00e7\u00e3o do ano passado foram a metalurgia (13,41%) e outros produtos qu\u00edmicos (9,19%).<\/p>\n<p>Dezenove das 24 atividades industriais pesquisadas tiveram infla\u00e7\u00e3o em seus produtos. Apenas cinco registraram defla\u00e7\u00e3o (queda de pre\u00e7os), entre elas a ind\u00fastria aliment\u00edcia, que foi a que mais colaborou para frear a infla\u00e7\u00e3o, com queda de pre\u00e7os de 7,29%.<\/p>\n<p>Entre as quatro grandes categorias econ\u00f4micas, a maior infla\u00e7\u00e3o ficou com os bens intermedi\u00e1rios, isto \u00e9, os insumos industrializados para o setor produtivo, com taxa de 6,53%. Os bens de capital, ou seja, as m\u00e1quinas e equipamentos tiveram alta de 4,26%.<\/p>\n<p>Entre os bens de consumo, isto \u00e9, aqueles voltados para o consumidor final, os dur\u00e1veis tiveram infla\u00e7\u00e3o de 4,34%, enquanto os semi e n\u00e3o dur\u00e1veis tiveram defla\u00e7\u00e3o de 0,63%.<\/p>\n<h4>Dezembro<\/h4>\n<p>Ao analisar apenas o m\u00eas de dezembro de 2017, a infla\u00e7\u00e3o chegou a 0,46%, inferior ao 1,4% do m\u00eas anterior e ao 1,29% de dezembro de 2016. As altas de pre\u00e7os mais significativas foram observadas na ind\u00fastria extrativa (4,59%) e no refino de petr\u00f3leo e produtos de \u00e1lcool (0,82%). Com queda de pre\u00e7os de 4,44%, os itens de vestu\u00e1rio ajudaram a segurar a infla\u00e7\u00e3o no m\u00eas.<\/p>\n<hr \/>\n<hr \/>\n<p>&nbsp;Fonte: Ag\u00eancia Brasil<\/p>\n","protected":false},"excerpt":{"rendered":"<p>O \u00cdndice de Pre\u00e7os ao Produtor (IPP), que calcula a varia\u00e7\u00e3o de pre\u00e7os de produtos no momento em que eles saem das f\u00e1bricas, fechou 2017 com infla\u00e7\u00e3o de 4,18%. Em 2016, o indicador havia ficado em 1,71%, segundo o Instituto Brasileiro de Geografia e Estat\u00edstica (IBGE). A principal respons\u00e1vel pela infla\u00e7\u00e3o dos produtos industrializados em [&hellip;]<\/p>\n","protected":false},"author":96,"featured_media":90810,"comment_status":"closed","ping_status":"closed","sticky":false,"template":"","format":"standard","meta":{"footnotes":""},"categories":[261],"tags":[],"class_list":["post-90811","post","type-post","status-publish","format-standard","has-post-thumbnail","hentry","category-economia"],"_links":{"self":[{"href":"https:\/\/diarioregionaldigital.com.br\/index.php?rest_route=\/wp\/v2\/posts\/90811","targetHints":{"allow":["GET"]}}],"collection":[{"href":"https:\/\/diarioregionaldigital.com.br\/index.php?rest_route=\/wp\/v2\/posts"}],"about":[{"href":"https:\/\/diarioregionaldigital.com.br\/index.php?rest_route=\/wp\/v2\/types\/post"}],"author":[{"embeddable":true,"href":"https:\/\/diarioregionaldigital.com.br\/index.php?rest_route=\/wp\/v2\/users\/96"}],"replies":[{"embeddable":true,"href":"https:\/\/diarioregionaldigital.com.br\/index.php?rest_route=%2Fwp%2Fv2%2Fcomments&post=90811"}],"version-history":[{"count":0,"href":"https:\/\/diarioregionaldigital.com.br\/index.php?rest_route=\/wp\/v2\/posts\/90811\/revisions"}],"wp:featuredmedia":[{"embeddable":true,"href":"https:\/\/diarioregionaldigital.com.br\/index.php?rest_route=\/wp\/v2\/media\/90810"}],"wp:attachment":[{"href":"https:\/\/diarioregionaldigital.com.br\/index.php?rest_route=%2Fwp%2Fv2%2Fmedia&parent=90811"}],"wp:term":[{"taxonomy":"category","embeddable":true,"href":"https:\/\/diarioregionaldigital.com.br\/index.php?rest_route=%2Fwp%2Fv2%2Fcategories&post=90811"},{"taxonomy":"post_tag","embeddable":true,"href":"https:\/\/diarioregionaldigital.com.br\/index.php?rest_route=%2Fwp%2Fv2%2Ftags&post=90811"}],"curies":[{"name":"wp","href":"https:\/\/api.w.org\/{rel}","templated":true}]}}