{"id":90809,"date":"2018-01-30T22:05:07","date_gmt":"2018-01-31T00:05:07","guid":{"rendered":"http:\/\/diarioregionaljf.com.br\/2018\/01\/30\/sada-cruzeiro-fatura-o-tricampeonato-da-copa-do-brasil\/"},"modified":"2018-01-30T22:05:07","modified_gmt":"2018-01-31T00:05:07","slug":"sada-cruzeiro-fatura-o-tricampeonato-da-copa-do-brasil","status":"publish","type":"post","link":"https:\/\/diarioregionaldigital.com.br\/?p=90809","title":{"rendered":"Sada Cruzeiro fatura o tricampeonato da Copa do Brasil"},"content":{"rendered":"<p>Em uma partida eletrizante, duas das principais for\u00e7as do voleibol brasileiro, Sada Cruzeiro e Sesi-SP duelaram de igual para igual at\u00e9 o fim de um disputado quarto set, que s\u00f3 terminou em 31 a 29.<\/p>\n<p>Foi a segunda vez que o Sada conquistou o t\u00edtulo em cima do rival paulista, j\u00e1 que em 2014 bateu o Sesi-SP em Maring\u00e1, na Copa Brasil daquele ano. Se naquela decis\u00e3o, o t\u00edtulo veio em fun\u00e7\u00e3o de um ataque impar\u00e1vel do time mineiro, neste ano foi o saque potente e agressivo que agilizou o caneco para o time de Contagem.<\/p>\n<p>Desde o in\u00edcio do jogo, a torcida que lotou a Vila Leopoldina, na capital paulista, pode ver um jogo de grande n\u00edvel t\u00e9cnico, com dois times que se estudaram bastante. At\u00e9 por isso, o placar, n\u00e3o s\u00f3 da partida, mas tamb\u00e9m dos sets foi equilibrado, com exce\u00e7\u00f5es pontuais.<\/p>\n<p>Dif\u00edcil.&nbsp;Nos sets \u00edmpares, vencidos pelo Sada, prevaleceu a confian\u00e7a de um time acostumado a ser vencedor. Mesmo passando dificuldades em alguns momentos, uma vez que o Sesi-SP tinha o bloqueio bem ajustado, o Cruzeiro minou o jogo paulista variando bem o esquema de saque. Ora flutuado, ora bombas, nos tr\u00eas rapazes da linha de passe paulista: Lipe, Douglas e Murilo.<\/p>\n<p>Foi por isso que, no terceiro set, Rubinho colocou Renato no lugar de Lipe. Era claro que alguma coisa precisava ser feita. E foi, tanto que no quarto set o Sesi-SP se superou o quanto deu para vencer a suada e mais equilibrada parcial.<\/p>\n<p>Contudo, no tie-break, o Cruzeiro n\u00e3o s\u00f3 venceu como passeou com relativa tranquilidade no gin\u00e1sio. Sem deixar o Sesi-SP ver a cor da bola, os mineiros comemoraram o tricampeonato com show em todos os fundamentos.<\/p>\n","protected":false},"excerpt":{"rendered":"<p>Em uma partida eletrizante, duas das principais for\u00e7as do voleibol brasileiro, Sada Cruzeiro e Sesi-SP duelaram de igual para igual at\u00e9 o fim de um disputado quarto set, que s\u00f3 terminou em 31 a 29. Foi a segunda vez que o Sada conquistou o t\u00edtulo em cima do rival paulista, j\u00e1 que em 2014 bateu [&hellip;]<\/p>\n","protected":false},"author":96,"featured_media":90808,"comment_status":"closed","ping_status":"closed","sticky":false,"template":"","format":"standard","meta":{"footnotes":""},"categories":[257],"tags":[],"class_list":["post-90809","post","type-post","status-publish","format-standard","has-post-thumbnail","hentry","category-esporte"],"_links":{"self":[{"href":"https:\/\/diarioregionaldigital.com.br\/index.php?rest_route=\/wp\/v2\/posts\/90809","targetHints":{"allow":["GET"]}}],"collection":[{"href":"https:\/\/diarioregionaldigital.com.br\/index.php?rest_route=\/wp\/v2\/posts"}],"about":[{"href":"https:\/\/diarioregionaldigital.com.br\/index.php?rest_route=\/wp\/v2\/types\/post"}],"author":[{"embeddable":true,"href":"https:\/\/diarioregionaldigital.com.br\/index.php?rest_route=\/wp\/v2\/users\/96"}],"replies":[{"embeddable":true,"href":"https:\/\/diarioregionaldigital.com.br\/index.php?rest_route=%2Fwp%2Fv2%2Fcomments&post=90809"}],"version-history":[{"count":0,"href":"https:\/\/diarioregionaldigital.com.br\/index.php?rest_route=\/wp\/v2\/posts\/90809\/revisions"}],"wp:featuredmedia":[{"embeddable":true,"href":"https:\/\/diarioregionaldigital.com.br\/index.php?rest_route=\/wp\/v2\/media\/90808"}],"wp:attachment":[{"href":"https:\/\/diarioregionaldigital.com.br\/index.php?rest_route=%2Fwp%2Fv2%2Fmedia&parent=90809"}],"wp:term":[{"taxonomy":"category","embeddable":true,"href":"https:\/\/diarioregionaldigital.com.br\/index.php?rest_route=%2Fwp%2Fv2%2Fcategories&post=90809"},{"taxonomy":"post_tag","embeddable":true,"href":"https:\/\/diarioregionaldigital.com.br\/index.php?rest_route=%2Fwp%2Fv2%2Ftags&post=90809"}],"curies":[{"name":"wp","href":"https:\/\/api.w.org\/{rel}","templated":true}]}}