{"id":90807,"date":"2018-01-30T22:01:02","date_gmt":"2018-01-31T00:01:02","guid":{"rendered":"http:\/\/diarioregionaljf.com.br\/2018\/01\/30\/selecao-feminina-sub-20-esta-na-copa-do-mundo\/"},"modified":"2018-01-30T22:01:02","modified_gmt":"2018-01-31T00:01:02","slug":"selecao-feminina-sub-20-esta-na-copa-do-mundo","status":"publish","type":"post","link":"https:\/\/diarioregionaldigital.com.br\/?p=90807","title":{"rendered":"Sele\u00e7\u00e3o Feminina Sub-20 est\u00e1 na Copa do Mundo"},"content":{"rendered":"<p>A Sele\u00e7\u00e3o Brasileira Feminina Sub-20 est\u00e1 classificada para a Copa do Mundo da categoria que ser\u00e1 realizada de 5 a 24 de agosto deste ano na Fran\u00e7a. O Paraguai&nbsp;ficou com a segunda vaga da Conmebol na competi\u00e7\u00e3o.<\/p>\n<p>As duas sele\u00e7\u00f5es se classificaram ap\u00f3s vencerem dois jogos cada no quadrangular final do Sul-Americano Feminino Sub-20, realizado no Equador. O Brasil goleou os dois advers\u00e1rios: 4 a 0 sobre a Col\u00f4mbia e 5 a 0 sobre a Venezuela. J\u00e1 o Paraguai venceu a Venezuela por 3 a 1 e a Col\u00f4mbia por 4 a 2.<\/p>\n<p>Brasil e Paraguai se enfrentam na \u00faltima rodada para definir o campe\u00e3o da competi\u00e7\u00e3o. A Sele\u00e7\u00e3o tem seis pontos e nove gols de saldo,; e as paraguaias t\u00eam seis pontos e quatro gols de saldo. Portanto, o empate d\u00e1 o t\u00edtulo \u00e0s brasileiras.<\/p>\n","protected":false},"excerpt":{"rendered":"<p>A Sele\u00e7\u00e3o Brasileira Feminina Sub-20 est\u00e1 classificada para a Copa do Mundo da categoria que ser\u00e1 realizada de 5 a 24 de agosto deste ano na Fran\u00e7a. O Paraguai&nbsp;ficou com a segunda vaga da Conmebol na competi\u00e7\u00e3o. As duas sele\u00e7\u00f5es se classificaram ap\u00f3s vencerem dois jogos cada no quadrangular final do Sul-Americano Feminino Sub-20, realizado [&hellip;]<\/p>\n","protected":false},"author":96,"featured_media":90806,"comment_status":"closed","ping_status":"closed","sticky":false,"template":"","format":"standard","meta":{"footnotes":""},"categories":[257],"tags":[],"class_list":["post-90807","post","type-post","status-publish","format-standard","has-post-thumbnail","hentry","category-esporte"],"_links":{"self":[{"href":"https:\/\/diarioregionaldigital.com.br\/index.php?rest_route=\/wp\/v2\/posts\/90807","targetHints":{"allow":["GET"]}}],"collection":[{"href":"https:\/\/diarioregionaldigital.com.br\/index.php?rest_route=\/wp\/v2\/posts"}],"about":[{"href":"https:\/\/diarioregionaldigital.com.br\/index.php?rest_route=\/wp\/v2\/types\/post"}],"author":[{"embeddable":true,"href":"https:\/\/diarioregionaldigital.com.br\/index.php?rest_route=\/wp\/v2\/users\/96"}],"replies":[{"embeddable":true,"href":"https:\/\/diarioregionaldigital.com.br\/index.php?rest_route=%2Fwp%2Fv2%2Fcomments&post=90807"}],"version-history":[{"count":0,"href":"https:\/\/diarioregionaldigital.com.br\/index.php?rest_route=\/wp\/v2\/posts\/90807\/revisions"}],"wp:featuredmedia":[{"embeddable":true,"href":"https:\/\/diarioregionaldigital.com.br\/index.php?rest_route=\/wp\/v2\/media\/90806"}],"wp:attachment":[{"href":"https:\/\/diarioregionaldigital.com.br\/index.php?rest_route=%2Fwp%2Fv2%2Fmedia&parent=90807"}],"wp:term":[{"taxonomy":"category","embeddable":true,"href":"https:\/\/diarioregionaldigital.com.br\/index.php?rest_route=%2Fwp%2Fv2%2Fcategories&post=90807"},{"taxonomy":"post_tag","embeddable":true,"href":"https:\/\/diarioregionaldigital.com.br\/index.php?rest_route=%2Fwp%2Fv2%2Ftags&post=90807"}],"curies":[{"name":"wp","href":"https:\/\/api.w.org\/{rel}","templated":true}]}}