{"id":90803,"date":"2018-01-30T21:57:13","date_gmt":"2018-01-30T23:57:13","guid":{"rendered":"http:\/\/diarioregionaljf.com.br\/2018\/01\/30\/idolo-do-botafogo-goleiro-jefferson-anuncia-aposentadoria-no-fim-do-ano\/"},"modified":"2018-01-30T21:57:13","modified_gmt":"2018-01-30T23:57:13","slug":"idolo-do-botafogo-goleiro-jefferson-anuncia-aposentadoria-no-fim-do-ano","status":"publish","type":"post","link":"https:\/\/diarioregionaldigital.com.br\/?p=90803","title":{"rendered":"\u00cddolo do Botafogo, goleiro Jefferson anuncia aposentadoria no fim do ano"},"content":{"rendered":"<p>Jefferson, goleiro e \u00eddolo do Botafogo, anunciou que vai pendurar as luvas ao final desta temporada de 2018. Em entrevista, o jogador de 35 anos falou sobre as raz\u00f5es de sua decis\u00e3o e estabeleceu metas para alcan\u00e7ar antes da aposentadoria do futebol profissional.<\/p>\n<p>&#8220;A partir do momento em que voc\u00ea n\u00e3o tem mais foco, n\u00e3o adianta ter 32, 35, 39 (anos), que (o atleta) para (de jogar). Enquanto tiver objetivo, vai embora. O meu foco vai at\u00e9 esse final de ano. Meu objetivo \u00e9 encerrar aqui no Botafogo, tenho objetivos grandes no Botafogo&#8221;, declarou o goleiro.<\/p>\n<p>Questionado sobre os motivos para esta decis\u00e3o, Jefferson disse que ir\u00e1 se aposentar e pretende focar em &#8220;outros desafios&#8221;, como o de poder estar mais tempo junto com a fam\u00edlia. Ao receber manifesta\u00e7\u00f5es de carinho dos torcedores, Jefferson agradeceu, mas disse que est\u00e1 decidido a parar.<\/p>\n<p> O goleiro estabeleceu grandes metas para o \u00faltimo ano da carreira. &#8220;Espero conquistar um grande t\u00edtulo com o Botafogo, estar no grupo da Copa de 2018 e quero bater essa recorde de ser o terceiro jogador que mais vestiu a camisa do Botafogo&#8221;, afirmou.<\/p>\n<p> Jefferson foi formado no Cruzeiro e teve duas passagens pelo Botafogo, entre 2003 e 2005 e depois de 2009 at\u00e9 os dias de hoje. J\u00e1 jogou 440 vezes com a camisa alvinegra e foi campe\u00e3o carioca duas vezes pelo clube, al\u00e9m de ter sido eleito melhor goleiro do Campeonato Brasileiro de 2014.<\/p>\n<p> Nos \u00faltimos tempos, por\u00e9m, perdeu espa\u00e7o e passou a amargar a reserva do paraguaio Gatito Fern\u00e1ndez, que ganhou continuidade tamb\u00e9m pelo fato de que o experiente jogador sofreu uma grave les\u00e3o que o deixou longo tempo afastado dos gramados.<\/p>\n<p> Pela sele\u00e7\u00e3o brasileira, foi convocado para 22 partidas e esteve no grupo que conquistou a Copa das Confedera\u00e7\u00f5es de 2013 e disputou a Copa do Mundo de 2014. Tamb\u00e9m defendeu um p\u00eanalti de Lionel Messi em um amistoso entre Brasil e Argentina, vencido pela equipe brasileira por 2 a 0.<\/p>\n","protected":false},"excerpt":{"rendered":"<p>Jefferson, goleiro e \u00eddolo do Botafogo, anunciou que vai pendurar as luvas ao final desta temporada de 2018. Em entrevista, o jogador de 35 anos falou sobre as raz\u00f5es de sua decis\u00e3o e estabeleceu metas para alcan\u00e7ar antes da aposentadoria do futebol profissional. &#8220;A partir do momento em que voc\u00ea n\u00e3o tem mais foco, n\u00e3o [&hellip;]<\/p>\n","protected":false},"author":96,"featured_media":90802,"comment_status":"closed","ping_status":"closed","sticky":false,"template":"","format":"standard","meta":{"footnotes":""},"categories":[257],"tags":[],"class_list":["post-90803","post","type-post","status-publish","format-standard","has-post-thumbnail","hentry","category-esporte"],"_links":{"self":[{"href":"https:\/\/diarioregionaldigital.com.br\/index.php?rest_route=\/wp\/v2\/posts\/90803","targetHints":{"allow":["GET"]}}],"collection":[{"href":"https:\/\/diarioregionaldigital.com.br\/index.php?rest_route=\/wp\/v2\/posts"}],"about":[{"href":"https:\/\/diarioregionaldigital.com.br\/index.php?rest_route=\/wp\/v2\/types\/post"}],"author":[{"embeddable":true,"href":"https:\/\/diarioregionaldigital.com.br\/index.php?rest_route=\/wp\/v2\/users\/96"}],"replies":[{"embeddable":true,"href":"https:\/\/diarioregionaldigital.com.br\/index.php?rest_route=%2Fwp%2Fv2%2Fcomments&post=90803"}],"version-history":[{"count":0,"href":"https:\/\/diarioregionaldigital.com.br\/index.php?rest_route=\/wp\/v2\/posts\/90803\/revisions"}],"wp:featuredmedia":[{"embeddable":true,"href":"https:\/\/diarioregionaldigital.com.br\/index.php?rest_route=\/wp\/v2\/media\/90802"}],"wp:attachment":[{"href":"https:\/\/diarioregionaldigital.com.br\/index.php?rest_route=%2Fwp%2Fv2%2Fmedia&parent=90803"}],"wp:term":[{"taxonomy":"category","embeddable":true,"href":"https:\/\/diarioregionaldigital.com.br\/index.php?rest_route=%2Fwp%2Fv2%2Fcategories&post=90803"},{"taxonomy":"post_tag","embeddable":true,"href":"https:\/\/diarioregionaldigital.com.br\/index.php?rest_route=%2Fwp%2Fv2%2Ftags&post=90803"}],"curies":[{"name":"wp","href":"https:\/\/api.w.org\/{rel}","templated":true}]}}